{"id":176,"date":"2024-04-23T14:52:00","date_gmt":"2024-04-23T14:52:00","guid":{"rendered":"https:\/\/kerepes.eu\/springer\/?p=176"},"modified":"2024-05-13T21:48:59","modified_gmt":"2024-05-13T21:48:59","slug":"the-meaning-of-a-political-class","status":"publish","type":"post","link":"https:\/\/kerepes.eu\/springer\/2024\/04\/23\/the-meaning-of-a-political-class\/","title":{"rendered":"V\u00e1rosfejleszt\u00e9si elveink"},"content":{"rendered":"<p>A telep\u00fcl\u00e9s k\u00f6z\u00f6ss\u00e9g\u00e9vel egyeztetett fejleszt\u00e9si terveket kell k\u00e9sz\u00edteni, melyek c\u00e9lja az \u00e9p\u00edtett \u00e9rt\u00e9kek meg\u00e9rz\u00e9se \u00e9s a hagyom\u00e1nyok \u00e1pol\u00e1sa. Ebben t\u00e1maszkodni kell a hagyom\u00e1nyok \u00e1pol\u00e1s\u00e1t fontosnak tart\u00f3 civil szervezetekre \u00e9s alap\u00edtv\u00e1nyokra. Feladatunk, hogy vigy\u00e1zzunk a m\u00falt \u00e9rt\u00e9keire.<\/p>\n<h5><strong>V\u00e1rosfejleszt\u00e9si terv:<\/strong><\/h5>\n<p>A hossz\u00fa t\u00e1v\u00fa v\u00e1rosfejleszt\u00e9si tervben szerepl\u0151 v\u00e1rosk\u00f6zpont kialak\u00edt\u00e1st \u00fajra \u00e1tgondolva sz\u00f3 sem lehet a kor\u00e1bban a Szilasi -nagyr\u00e9tre tervezett v\u00e1rosk\u00f6zpont kialak\u00edt\u00e1s\u00e1r\u00f3l. Sem az \u00d6nkorm\u00e1nyzat \u00e9p\u00fclete, sem a k\u00f6zponti rendel\u0151 nem \u00e9p\u00fclhet oda, tov\u00e1bb\u00e1 az orvosi rendel\u0151k \u00e1tgondolatlan elad\u00e1sa, s azok k\u00f6zpontos\u00edt\u00e1sa sem a lakoss\u00e1g \u00e9rdekeit tartja szem el\u0151tt. A tervezett Kerepesi alk\u00f6zpont a focip\u00e1lya hely\u00e9n \u00e9p\u00fclne, de nincs sz\u00fcks\u00e9g alk\u00f6zpontra, sem egy\u00e9b felesleges beruh\u00e1z\u00e1sokra addig, am\u00edg m\u00e1s priorit\u00e1sok vannak.\u00a0 A v\u00e1rosk\u00f6zpont a Szenth\u00e1roms\u00e1g szobor \u00e9s a volt iskola ter\u00fclet\u00e9nek visszav\u00e1s\u00e1rl\u00e1sa ut\u00e1n \/katolikus egyh\u00e1znak eladott ter\u00fclet \/ lehet\u0151s\u00e9g\u00e9vel a Templom utca, mint t\u00f6rt\u00e9nelmi Kerepes,\u00a0 hagyom\u00e1nyos kultur\u00e1lis k\u00f6zpont alkalmass\u00e1g\u00e1nak megvizsg\u00e1l\u00e1s\u00e1val lehetne kialak\u00edtani. A Templom utca v\u00e9g\u00e9n a nemzetis\u00e9gi fesztiv\u00e1lok helysz\u00edn\u00e9t alkalmass\u00e1 kell tenni rendezv\u00e9nyekre illetve b\u00facs\u00fa \u00e9s m\u00e1s k\u00f6z\u00f6ss\u00e9gi esem\u00e9nyek tart\u00e1s\u00e1ra. T\u00e9rk\u00f6vez\u00e9s \u00e9s szabadt\u00e9ri sz\u00ednpad seg\u00edthet ebben, ami alkalmas ifj\u00fas\u00e1gi tal\u00e1lkoz\u00f3helynek \u00e9s j\u00e1tsz\u00f3t\u00e9rnek is.<\/p>\n<p><strong>Kutak \u2013 V\u00edzcsapok:\u00a0<\/strong>K\u00f6zkutak l\u00e9tes\u00edt\u00e9se sz\u00fcks\u00e9ges a telep\u00fcl\u00e9s turista \u00fatvonalain\u00e1l, a m\u00e9g megl\u00e9v\u0151 k\u00f6zkutak pedig nem ker\u00fcln\u00e9nek megsz\u00fcntet\u00e9sre.<\/p>\n<p><strong>V\u00edzm\u0171:<\/strong> Az \u00faj v\u00edzm\u0171 telep, \u00e9s az iv\u00f3v\u00edzh\u00e1l\u00f3zat r\u00e9szleges fel\u00faj\u00edt\u00e1sa a min\u0151s\u00e9gjav\u00edt\u00f3 p\u00e1ly\u00e1zat kapcs\u00e1n, fejleszt\u00e9sre szorul a tov\u00e1bbiakban is. Eddig a teljes cs\u0151h\u00e1l\u00f3zat cser\u00e9je elmaradt. Csak akkor lesz mindenhol ihat\u00f3, uszad\u00e9kmentes iv\u00f3v\u00edz, ha ez a beruh\u00e1z\u00e1s is teljes k\u00f6r\u0171en folytat\u00f3dik.<\/p>\n<p><strong>Temet\u0151:<\/strong> Felt\u00e9rk\u00e9pezz\u00fck a temet\u0151t, hogy minden s\u00edr \u00e9s eltemetett szem\u00e9ly neve fel van-e t\u00fcntetve. <br \/>Eml\u00e9k park l\u00e9trehoz\u00e1s\u00e1val megeml\u00e9ksz\u00fcnk az \u0151seinkre.\u00a0<br \/>A szil\u00e1rd burkolat\u00fa parkol\u00f3 ki\u00e9p\u00edt\u00e9se fontos, \u00e9s a temet\u0151kert sz\u00e9p\u00edt\u00e9s\u00e9\u00e9rt is tesz\u00fcnk, \u00edgy tervezz\u00fck padok elhelyez\u00e9s\u00e9t, t\u00e9rk\u0151vel sz\u00e9les\u00edtett el\u0151terek l\u00e9trehoz\u00e1s\u00e1t, egyes szakaszokon a s\u00edrok k\u00f6z\u00f6tti utak ki\u00e9p\u00edt\u00e9s\u00e9t f\u0171beton \u00e9s j\u00e1rdalap elemekkel. A temet\u0151 helyzete hossz\u00fat\u00e1von megold\u00e1st kell, hogy nyerjen, ehhez kis l\u00e9legzetv\u00e9telnyi (5-10 \u00e9ves) id\u0151t ny\u00fajthat, ha a Szabads\u00e1g \u00fat oldal\u00e1n k\u00e9s\u0151bb b\u0151v\u00edthet\u0151 ker\u00edt\u00e9sk\u00e9nt urnafalat \u00e9p\u00edt\u00fcnk ennek k\u00f6lts\u00e9gvisel\u00e9s\u00e9re a temet\u0151 \u00fczemeltet\u0151j\u00e9t kell bevonni. Ez tov\u00e1bbi ak\u00e1r 500-1000 temetkez\u00e9s lehet\u0151s\u00e9g\u00e9t is biztos\u00edthatja. Amennyiben sz\u00fcks\u00e9ges, a terjeszked\u00e9s a focip\u00e1lya fel\u00e9 \u00e1tgondolhat\u00f3, de hossz\u00fat\u00e1von 25-50 \u00e9v m\u00falva egy \u00faj, a v\u00e1ros sz\u00e9l\u00e9n \u2013 m\u00e1s ter\u00fcleten kialak\u00edtand\u00f3 temet\u0151 sz\u00fcks\u00e9gess\u00e9ge m\u00e1r kibontakozni l\u00e1tszik. Ez az M310-es \u00fat akad\u00e1lya lehet adott esetben ha oda jel\u00f6lj\u00fck ki az ut\u00e1j\u00e1ba. Nem lehet megold\u00e1s a Kerepes k\u00f6zpontja fel\u00e9 val\u00f3 terjeszked\u00e9s, mivel \u00fagy csak a gondot g\u00f6rgetj\u00fck magunk el\u0151tt. A futballp\u00e1lya helyzete is megold\u00e1st s\u00fcrget, egy tov\u00e1bbi programpontban r\u00e9szletezz\u00fck azt is. Sajnos ennek v\u00e1ltoztat\u00e1sa most nem megoldhat\u00f3, mert p\u00e1ly\u00e1zott r\u00e1 a sportegyes\u00fclet \u00e9s p\u00e1ly\u00e1zati forr\u00e1sb\u00f3l \u00e9p\u00fclt a sporth\u00e1z is. (r\u00e9szben mivel \u00f6nkorm\u00e1nyzati 65 Milli\u00f3s t\u00e1mogat\u00e1st tett bele Kerepes telekelad\u00e1sokb\u00f3l.)\u00a0 \u00a0<\/p>\n\n\n<div class=\"wp-block-cover\"><span aria-hidden=\"true\" class=\"wp-block-cover__background has-background-dim\"><\/span><img loading=\"lazy\" decoding=\"async\" width=\"641\" height=\"514\" class=\"wp-block-cover__image-background wp-image-2396\" alt=\"\" src=\"https:\/\/kerepes.eu\/springer\/wp-content\/uploads\/2017\/11\/ScreenHunter_39-Jul.-24-22.46.jpg\" data-object-fit=\"cover\" srcset=\"https:\/\/kerepes.eu\/springer\/wp-content\/uploads\/2017\/11\/ScreenHunter_39-Jul.-24-22.46.jpg 641w, https:\/\/kerepes.eu\/springer\/wp-content\/uploads\/2017\/11\/ScreenHunter_39-Jul.-24-22.46-300x241.jpg 300w, https:\/\/kerepes.eu\/springer\/wp-content\/uploads\/2017\/11\/ScreenHunter_39-Jul.-24-22.46-370x297.jpg 370w\" sizes=\"auto, (max-width: 641px) 100vw, 641px\" \/><div class=\"wp-block-cover__inner-container is-layout-flow wp-block-cover-is-layout-flow\">\n<p class=\"has-text-align-center has-large-font-size\">A Mogyor\u00f3di k\u00f6zpont p\u00e9ld\u00e1ja<\/p>\n<\/div><\/div>\n\n\n\n<figure class=\"wp-block-image size-full\"><img loading=\"lazy\" decoding=\"async\" width=\"501\" height=\"339\" src=\"https:\/\/kerepes.eu\/springer\/wp-content\/uploads\/2024\/05\/ScreenHunter_262-Jan.-17-20.18-1.jpg\" alt=\"\" class=\"wp-image-2832\" srcset=\"https:\/\/kerepes.eu\/springer\/wp-content\/uploads\/2024\/05\/ScreenHunter_262-Jan.-17-20.18-1.jpg 501w, https:\/\/kerepes.eu\/springer\/wp-content\/uploads\/2024\/05\/ScreenHunter_262-Jan.-17-20.18-1-300x203.jpg 300w, https:\/\/kerepes.eu\/springer\/wp-content\/uploads\/2024\/05\/ScreenHunter_262-Jan.-17-20.18-1-370x250.jpg 370w\" sizes=\"auto, (max-width: 501px) 100vw, 501px\" \/><\/figure>\n","protected":false},"excerpt":{"rendered":"<p>A demokr\u00e1cia biztos\u00edtja a term\u00e9szetes k\u00f6rnyezetet az ember jogainak v\u00e9delm\u00e9hez. <\/p>\n","protected":false},"author":1,"featured_media":2311,"comment_status":"open","ping_status":"open","sticky":false,"template":"","format":"audio","meta":{"give_campaign_id":0,"footnotes":""},"categories":[6],"tags":[],"class_list":["post-176","post","type-post","status-publish","format-audio","has-post-thumbnail","hentry","category-daily-news","post_format-post-format-audio"],"_links":{"self":[{"href":"https:\/\/kerepes.eu\/springer\/wp-json\/wp\/v2\/posts\/176","targetHints":{"allow":["GET"]}}],"collection":[{"href":"https:\/\/kerepes.eu\/springer\/wp-json\/wp\/v2\/posts"}],"about":[{"href":"https:\/\/kerepes.eu\/springer\/wp-json\/wp\/v2\/types\/post"}],"author":[{"embeddable":true,"href":"https:\/\/kerepes.eu\/springer\/wp-json\/wp\/v2\/users\/1"}],"replies":[{"embeddable":true,"href":"https:\/\/kerepes.eu\/springer\/wp-json\/wp\/v2\/comments?post=176"}],"version-history":[{"count":4,"href":"https:\/\/kerepes.eu\/springer\/wp-json\/wp\/v2\/posts\/176\/revisions"}],"predecessor-version":[{"id":2833,"href":"https:\/\/kerepes.eu\/springer\/wp-json\/wp\/v2\/posts\/176\/revisions\/2833"}],"wp:featuredmedia":[{"embeddable":true,"href":"https:\/\/kerepes.eu\/springer\/wp-json\/wp\/v2\/media\/2311"}],"wp:attachment":[{"href":"https:\/\/kerepes.eu\/springer\/wp-json\/wp\/v2\/media?parent=176"}],"wp:term":[{"taxonomy":"category","embeddable":true,"href":"https:\/\/kerepes.eu\/springer\/wp-json\/wp\/v2\/categories?post=176"},{"taxonomy":"post_tag","embeddable":true,"href":"https:\/\/kerepes.eu\/springer\/wp-json\/wp\/v2\/tags?post=176"}],"curies":[{"name":"wp","href":"https:\/\/api.w.org\/{rel}","templated":true}]}}