{"id":179,"date":"2024-05-11T14:55:00","date_gmt":"2024-05-11T14:55:00","guid":{"rendered":"https:\/\/kerepes.eu\/springer\/?p=179"},"modified":"2024-05-13T21:46:25","modified_gmt":"2024-05-13T21:46:25","slug":"the-conduct-of-elections-rules","status":"publish","type":"post","link":"https:\/\/kerepes.eu\/springer\/2024\/05\/11\/the-conduct-of-elections-rules\/","title":{"rendered":"K\u00f6zbiztons\u00e1g 02"},"content":{"rendered":"<p><strong>A k\u00f6zbiztons\u00e1g:<\/strong><\/p>\n<p><img loading=\"lazy\" decoding=\"async\" class=\"\" src=\"https:\/\/kerepes.eu\/springer\/wp-content\/uploads\/2024\/05\/ScreenHunter_260-Jan.-17-20.17-1.jpg\" alt=\"A k\u00e9phez tartoz\u00f3 alt jellemz\u0151 \u00fcres; ScreenHunter_260-Jan.-17-20.17-1.jpg a f\u00e1jln\u00e9v\" width=\"815\" height=\"551\" \/><\/p>\n<p>K\u00f6zbiztons\u00e1g \u2013 l\u00e9tbiztons\u00e1g. A kerepesi biztons\u00e1g jelenlegi szintre val\u00f3 le\u00e9p\u00fcl\u00e9se nagy terhet r\u00f3 a mindenkori vezet\u00e9sre. Sem turista, sem v\u00e1llalkoz\u00e1s nem j\u00f6n Kerepesre, ha nem csak a h\u00edr\u00fcnk, hanem valljuk be, a val\u00f3s\u00e1g is rossz. Vas-f\u00e9m hullad\u00e9kgy\u0171jt\u0151, kov\u00e1csoltvas t\u00e1bla? M\u00e9g egy vir\u00e1got sem lehet k\u00f6zter\u00fcletre \u00fcltetni, mert r\u00f6vid id\u0151n bel\u00fcl elt\u0171nik.<br \/>A munkan\u00e9lk\u00fclis\u00e9g okozta kil\u00e1t\u00e1stalan helyzetben egyre t\u00f6bben menek\u00fclnek a k\u00e1b\u00edt\u00f3szer okozta m\u00e1morba, \u00e9s egyre t\u00f6bb embernek a b\u0171n\u00f6z\u00e9s az egyetlen meg\u00e9lhet\u00e9si forr\u00e1sa.<br \/>Ez nem n\u00e9pcsoport specifikus, de vannak bizonyos b\u0171n\u00f6z\u0151i tev\u00e9kenys\u00e9gek, ami ehhez k\u00f6thet\u0151. F\u00e9mtolvajl\u00e1s, k\u00e1bel\u00e9get\u00e9s, b\u00e1r biztosan nem csak egy t\u00e1rsadalmi csoport \u0171zi ezt, de jelent\u0151sen elharap\u00f3dzott. A bet\u00f6r\u00e9sek, lop\u00e1sok \u00e9s a rabl\u00e1sok is nagyon elterjedtek. Nem dughatjuk a fej\u00fcnket a homokba, nem folytathat\u00f3 a struccpolitika. Ha nem akarjuk, hogy a b\u0171n\u00f6z\u00e9s tov\u00e1bb terjedjen a telep\u00fcl\u00e9sen, akkor most, a 24. \u00f3r\u00e1ban kell megf\u00e9kezni A kez\u00fcnkben l\u00e9v\u0151 lehet\u0151s\u00e9geket ki kell haszn\u00e1lnunk, egys\u00e9ges er\u0151v\u00e9 kell kov\u00e1csolni.<\/p>\n<p><strong>A polg\u00e1r\u0151rs\u00e9g:<\/strong>\u00a0A telep\u00fcl\u00e9s vezet\u0151s\u00e9ge hagyta sz\u00e9tesni a polg\u00e1r\u0151rs\u00e9get, majd pedig l\u00e1tva, hogy n\u00e9h\u00e1ny kor\u00e1bbi, lelkes tag \u00fajraszervezi a csoportot, tov\u00e1bbra sem ny\u00fajtott nekik seg\u00edts\u00e9get. Egy telefon a bel\u00fcgyminiszterhez, amint az t\u00f6bb hivatkoz\u00e1sban is elhangzott, seg\u00edthette volna, hogy meggyors\u00edtsa a szervezet fel\u00e1ll\u00e1s\u00e1t, m\u0171k\u00f6d\u0151k\u00e9pess\u00e9 t\u00e9tel\u00e9t. Azonnali int\u00e9zked\u00e9s \u00e9s t\u00e1mogat\u00e1s sz\u00fcks\u00e9ges. Az egy\u00fcttm\u0171k\u00f6d\u00e9si meg\u00e1llapod\u00e1s megk\u00f6t\u00e9s\u00e9t k\u00f6vet\u0151en a szervezetet el kell l\u00e1tni j\u00e1rm\u0171vekkel, t\u00e1rgyi eszk\u00f6z\u00f6kkel \u00e9s p\u00e9nzzel, hogy elindulhassanak a l\u00e1that\u00f3s\u00e1gi mell\u00e9nyeseink a telep\u00fcl\u00e9sen j\u00e1r\u0151r\u00f6zni. Magam is tagja vagyok, sok m\u00e1s t\u00e1rsammal, de a tagoknak nincs m\u00e9g jogos\u00edtv\u00e1nya a m\u0171k\u00f6d\u00e9sre. Tal\u00e1n a legfontosabb a j\u00f3 \u00e9s koordin\u00e1lt egy\u00fcttm\u0171k\u00f6d\u00e9s a k\u00f6zter\u00fclet fel\u00fcgyel\u0151k, a polg\u00e1r\u0151rs\u00e9g valamint a rend\u0151rs\u00e9g k\u00f6z\u00f6tt. Ez nem lehet p\u00e9nz k\u00e9rd\u00e9se. A k\u00f6zbiztons\u00e1g=l\u00e9tbiztons\u00e1g. Erre minden \u00e1ldozatot meg kell hozni, mindent meg kell tenni.<\/p>\n<p><strong>A k\u00f6zter\u00fclet fel\u00fcgyel\u0151s\u00e9g:\u00a0<\/strong>A j\u00f3 k\u00f6zter\u00fclet fel\u00fcgyel\u0151 ism\u00e9rve, hogy helyben lak\u00f3, teh\u00e1t ismeri a lakosokat \u00e9s ter\u00fcletet. \u00a0\u00a0\u00a0Ebben az esetben sem lehetett eddig kiemelten j\u00f3 tev\u00e9kenys\u00e9gr\u0151l besz\u00e9lni. A k\u00f6zter\u00fclet fel\u00fcgyel\u0151 munkak\u00f6ri le\u00edr\u00e1s\u00e1ban jelen pillanatban a post\u00e1s, csicska, nyomoz\u00f3\u00a0 feladatk\u00f6r van meghat\u00e1rozva, r\u00e1ad\u00e1sul nem helyi lakos. A k\u00f6zter\u00fclet fel\u00fcgyel\u0151k kiemelt eszk\u00f6zei lehetnek a helyi rendellenes cselekedetek visszaszor\u00edt\u00e1s\u00e1nak, ez\u00e9rt l\u00e9tsz\u00e1muk \u00e9s munkaidej\u00fck emel\u00e9s\u00e9re van sz\u00fcks\u00e9g. Elk\u00e9pzelhet\u0151, hogy 2-3 m\u0171szakos munkarendben, 24 \u00f3r\u00e1ban \u00e9s heti 7 napban el\u00e9rhet\u0151 legyen, szorosan egy\u00fcttm\u0171k\u00f6dve a polg\u00e1r\u0151rs\u00e9ggel. Ennek lehet\u0151s\u00e9ge f\u00fcgg a polg\u00e1r\u0151rs\u00e9g r\u00e9szv\u00e9tel\u00e9t\u0151l. A b\u0171n\u00f6z\u0151, a szab\u00e1lys\u00e9rt\u0151 nem csak munkaid\u0151ben teszi, amit tesz. A b\u00fcntet\u00e9s azok fel\u00e9, akik a telep\u00fcl\u00e9s k\u00f6zbiztons\u00e1ga \u00e9s \u00e9rt\u00e9kei ellen tesznek, nem maradhat el. Ez\u00e9rt is minden er\u0151nkkel, kapcsolatainkkal tenni fogunk.<\/p>\n<p><strong>A kamerarendszer:\u00a0<\/strong>Az \u00e9l\u0151er\u0151s v\u00e9delmet a technikai lehet\u0151s\u00e9gekkel sz\u00fcks\u00e9ges kieg\u00e9sz\u00edteni, k\u00f6z\u00f6sen a polg\u00e1r\u0151r\u00f6kkel. A k\u00f6zter\u00fcletesek fel\u00fcgyelhetik a kamerarendszert, amit sz\u00e1nd\u00e9kunk szerint p\u00e1r h\u00f3napon bel\u00fcl \u00fczembe kell helyezni.\u00a0 Idetartozik az elengedhetetlen k\u00f6zvil\u00e1g\u00edt\u00e1si program is. A b\u0171n szereti a s\u00f6t\u00e9ts\u00e9get. A k\u00f6zvil\u00e1g\u00edt\u00e1s mellett, ami a k\u00f6zleked\u00e9s-biztons\u00e1g r\u00e9sze, k\u00f6zleked\u00e9si sebess\u00e9gm\u00e9r\u0151\/k\/ fel\u00e1ll\u00edt\u00e1s\u00e1r\u00f3l is gondolkodunk, \u00e1m nem b\u00fcntet\u0151 sz\u00e1nd\u00e9kkal, csak hogy az adott forgalom sebess\u00e9g\u00e9t kijelezve kontrolt ny\u00fajtsanak lakott ter\u00fclet\u00fcnk\u00f6n. Ez a n\u00e9met testv\u00e9rtelep\u00fcl\u00e9sekt\u0151l kedvezm\u00e9nyesen beszerezhet\u0151 lenne. A m\u0171k\u00f6d\u00e9shez sz\u00fcks\u00e9ges p\u00e9nz\u00fcgyi forr\u00e1s egyik eleme a v\u00e1llalkoz\u00f3kkal val\u00f3 \u00f6sszefog\u00e1s.\u00a0 A telephelyeiket is bekamer\u00e1zn\u00e1nk \u00e9s fel\u00fcgyeln\u00e9nk. A j\u00e1rm\u0171veinken elhelyezn\u00e9nk a log\u00f3jukat ezzel is rekl\u00e1mozva \u0151ket. Elektromos, k\u00f6rnyezetbar\u00e1t, haszn\u00e1lt aut\u00f3 beszerz\u00e9s\u00e9nek lehet\u0151s\u00e9g\u00e9n is \u00e9rdemes elgondolkodnunk. Szem\u00e9lyes tapasztalatom szerint elk\u00e9pzelhet\u0151 k\u00f6lts\u00e9ge 100 Km\/ 3-400 Ft. Beszerz\u00e9si \u00e1ra 2 milli\u00f3 forint k\u00f6r\u00fcl van aut\u00f3nk\u00e9nt. Jelenleg \u00e9n is ilyet haszn\u00e1lok m\u00e1r m\u00e1sodik \u00e9ve. Ezt \u00e9jjel a polg\u00e1r\u0151rs\u00e9g \u201ehalk\u201d \u00fczemm\u00f3dban haszn\u00e1lhatn\u00e1 nem zavarva a lakoss\u00e1got, \u00e9s \u00e9szrev\u00e9tlen\u00fcl megk\u00f6zel\u00edtve a b\u0171n\u00f6z\u0151t.<\/p>\n<p><img decoding=\"async\" src=\"https:\/\/kerepes.eu\/springer\/wp-content\/uploads\/2024\/04\/1150125_581810525196096_1863660767_n.png\" alt=\"A k\u00e9phez tartoz\u00f3 alt jellemz\u0151 \u00fcres; 1150125_581810525196096_1863660767_n.png a f\u00e1jln\u00e9v\" \/><\/p>\n<p><strong>Mez\u0151\u0151rs\u00e9g:\u00a0<\/strong>A term\u00e9nyek \u00e9s term\u00e9sek lop\u00e1sa \u00e9vek \u00f3ta probl\u00e9ma. A falop\u00e1sok \u00e9s a szemetel\u00e9s k\u00fclter\u00fcleten is gond. Egy \u00fct\u0151k\u00e9pes, egy\u00fcttm\u0171k\u00f6d\u0151 Mez\u0151\u0151rs\u00e9g seg\u00edthet ezen is. Ennek lehet\u0151s\u00e9ge \u00e9vek \u00f3ta adott volt, Kistarcs\u00e1n, Cs\u00f6m\u00f6r\u00f6n r\u00e9g m\u0171k\u00f6dik. Vel\u00fck \u00f6sszhangban kell ezt m\u0171k\u00f6dtetni n\u00e1lunk is. R\u00e9gi\u00f3s egy\u00fcttm\u0171k\u00f6d\u00e9s seg\u00edtheti munk\u00e1jukat \u00e9s n\u00f6velheti k\u00f6zbiztons\u00e1gunkat.<\/p>\n<p><strong><img decoding=\"async\" src=\"https:\/\/kerepes.eu\/springer\/wp-content\/uploads\/2024\/04\/1280-1024x576.jpg\" alt=\"A k\u00e9phez tartoz\u00f3 alt jellemz\u0151 \u00fcres; 1280-1024x576.jpg a f\u00e1jln\u00e9v\" \/><\/strong><\/p>\n<p>Munkahelyteremt\u00e9s: Tal\u00e1n furcsa, ha a k\u00f6zbiztons\u00e1ghoz soroljuk a munkahely k\u00e9rd\u00e9s\u00e9t is. Pedig fontos b\u0171nmegel\u0151z\u0151 eszk\u00f6z, azokn\u00e1l a roma, vagy \u00e9pp nem roma Kerepeseikn\u00e9l, akik ak\u00e1r \u00e9vek \u00f3ta nem dolgoznak \u00e9s kiestek a munk\u00e1b\u00f3l. S\u0151t a KHT sem ad nekik munk\u00e1t, \u00e9s el\u0151bb ut\u00f3bb ak\u00e1r b\u0171n \u00fatj\u00e1ra l\u00e9phetnek vagy m\u00e1r l\u00e9ptek is.<\/p>\n<p>Valljuk, hogy a dolgoz\u00f3 embernek van vesztenival\u00f3ja, minden napos elfoglalts\u00e1ga, este \u00f6r\u00fcl, ha a csal\u00e1dj\u00e1val lehet. Akit\u0151l minden rem\u00e9nyt, lehet\u0151s\u00e9get elvettek az a b\u0171n \u00fatj\u00e1ra t\u00e9vedhet. Tudom nincs annyi munkahely, amivel mindent megoldhatunk. De ha a lakoss\u00e1g, \u00fat, j\u00e1rda k\u00f6zm\u0171 \u00e9s egy\u00e9b t\u00e9ren ig\u00e9nybe veszi a KHT dolgoz\u00f3it, kiket az \u00d6nkorm\u00e1nyzat fizet \u00e9s ebb\u0151l mi is r\u00e9szt v\u00e1llalunk akkor a k\u00f6zbiztons\u00e1gunk\u00e9rt is tesz\u00fcnk legal\u00e1bb egy kis r\u00e9szt.<br \/>A munkahelyek megteremt\u00e9se nem csak \u00d6nkorm\u00e1nyzati feladat, a gazdas\u00e1g\u00e9l\u00e9nk\u00edt\u0151 \u00e1llami programok gondoskodnak err\u0151l, csak meg kell tal\u00e1lni a lehet\u0151s\u00e9get. De helyben is sokat kell tenn\u00fcnk a lakoss\u00e1gunk jobb meg\u00e9lhet\u00e9s\u00e9\u00e9rt, \u00e9letvitel\u00fcnk jav\u00edt\u00e1s\u00e1\u00e9rt.<\/p>\n\n\n<figure class=\"wp-block-image size-full\"><img loading=\"lazy\" decoding=\"async\" width=\"800\" height=\"445\" src=\"https:\/\/kerepes.eu\/springer\/wp-content\/uploads\/2024\/04\/11-800x445-1.jpg\" alt=\"\" class=\"wp-image-2307\" srcset=\"https:\/\/kerepes.eu\/springer\/wp-content\/uploads\/2024\/04\/11-800x445-1.jpg 800w, https:\/\/kerepes.eu\/springer\/wp-content\/uploads\/2024\/04\/11-800x445-1-300x167.jpg 300w, https:\/\/kerepes.eu\/springer\/wp-content\/uploads\/2024\/04\/11-800x445-1-768x427.jpg 768w, https:\/\/kerepes.eu\/springer\/wp-content\/uploads\/2024\/04\/11-800x445-1-370x206.jpg 370w, https:\/\/kerepes.eu\/springer\/wp-content\/uploads\/2024\/04\/11-800x445-1-760x423.jpg 760w\" sizes=\"auto, (max-width: 800px) 100vw, 800px\" \/><\/figure>\n\n\n\n<figure class=\"wp-block-image size-large is-resized\"><img loading=\"lazy\" decoding=\"async\" width=\"724\" height=\"1024\" src=\"https:\/\/kerepes.eu\/springer\/wp-content\/uploads\/2024\/05\/01-724x1024.jpg\" alt=\"\" class=\"wp-image-2830\" style=\"width:431px;height:auto\" srcset=\"https:\/\/kerepes.eu\/springer\/wp-content\/uploads\/2024\/05\/01-724x1024.jpg 724w, https:\/\/kerepes.eu\/springer\/wp-content\/uploads\/2024\/05\/01-212x300.jpg 212w, https:\/\/kerepes.eu\/springer\/wp-content\/uploads\/2024\/05\/01-768x1086.jpg 768w, https:\/\/kerepes.eu\/springer\/wp-content\/uploads\/2024\/05\/01-1086x1536.jpg 1086w, https:\/\/kerepes.eu\/springer\/wp-content\/uploads\/2024\/05\/01-1448x2048.jpg 1448w, https:\/\/kerepes.eu\/springer\/wp-content\/uploads\/2024\/05\/01-370x523.jpg 370w, https:\/\/kerepes.eu\/springer\/wp-content\/uploads\/2024\/05\/01-760x1075.jpg 760w, https:\/\/kerepes.eu\/springer\/wp-content\/uploads\/2024\/05\/01-scaled.jpg 1810w\" sizes=\"auto, (max-width: 724px) 100vw, 724px\" \/><\/figure>\n","protected":false},"excerpt":{"rendered":"<p>A k\u00f6zbiztons\u00e1g alkotm\u00e1nyos jog. Ebben a k\u00e9rd\u00e9sben nincs pardon.<\/p>\n","protected":false},"author":1,"featured_media":2302,"comment_status":"open","ping_status":"open","sticky":false,"template":"","format":"audio","meta":{"give_campaign_id":0,"footnotes":""},"categories":[6],"tags":[],"class_list":["post-179","post","type-post","status-publish","format-audio","has-post-thumbnail","hentry","category-daily-news","post_format-post-format-audio"],"_links":{"self":[{"href":"https:\/\/kerepes.eu\/springer\/wp-json\/wp\/v2\/posts\/179","targetHints":{"allow":["GET"]}}],"collection":[{"href":"https:\/\/kerepes.eu\/springer\/wp-json\/wp\/v2\/posts"}],"about":[{"href":"https:\/\/kerepes.eu\/springer\/wp-json\/wp\/v2\/types\/post"}],"author":[{"embeddable":true,"href":"https:\/\/kerepes.eu\/springer\/wp-json\/wp\/v2\/users\/1"}],"replies":[{"embeddable":true,"href":"https:\/\/kerepes.eu\/springer\/wp-json\/wp\/v2\/comments?post=179"}],"version-history":[{"count":9,"href":"https:\/\/kerepes.eu\/springer\/wp-json\/wp\/v2\/posts\/179\/revisions"}],"predecessor-version":[{"id":2831,"href":"https:\/\/kerepes.eu\/springer\/wp-json\/wp\/v2\/posts\/179\/revisions\/2831"}],"wp:featuredmedia":[{"embeddable":true,"href":"https:\/\/kerepes.eu\/springer\/wp-json\/wp\/v2\/media\/2302"}],"wp:attachment":[{"href":"https:\/\/kerepes.eu\/springer\/wp-json\/wp\/v2\/media?parent=179"}],"wp:term":[{"taxonomy":"category","embeddable":true,"href":"https:\/\/kerepes.eu\/springer\/wp-json\/wp\/v2\/categories?post=179"},{"taxonomy":"post_tag","embeddable":true,"href":"https:\/\/kerepes.eu\/springer\/wp-json\/wp\/v2\/tags?post=179"}],"curies":[{"name":"wp","href":"https:\/\/api.w.org\/{rel}","templated":true}]}}