{"id":182,"date":"2024-04-23T14:57:00","date_gmt":"2024-04-23T14:57:00","guid":{"rendered":"https:\/\/kerepes.eu\/springer\/?p=182"},"modified":"2024-05-14T15:41:19","modified_gmt":"2024-05-14T15:41:19","slug":"money-and-the-government","status":"publish","type":"post","link":"https:\/\/kerepes.eu\/springer\/2024\/04\/23\/money-and-the-government\/","title":{"rendered":"Szoci\u00e1lpolitika"},"content":{"rendered":"<p><strong>Szoci\u00e1lpolitika:<\/strong><br \/>A m\u00e9lyszeg\u00e9nys\u00e9g felsz\u00e1moland\u00f3. Seg\u00e9ly viszont csak r\u00e1szorul\u00f3knak, lehet\u0151leg munk\u00e1\u00e9rt cser\u00e9be. A tart\u00f3san munkan\u00e9lk\u00fcli sz\u00fcl\u0151k rossz mint\u00e1t adnak tov\u00e1bb a gyerekeiknek, nincs napi rutin (illetve ami van, az t\u00e1rsadalmilag nem elfogadhat\u00f3) felnevel\u0151dik a k\u00f6vetkez\u0151 b\u0171n\u00f6z\u0151jel\u00f6lt gener\u00e1ci\u00f3. Szoros egy\u00fcttm\u0171k\u00f6d\u00e9s kell a Munka\u00fcgyi Kirendelts\u00e9ggel, a helyi csal\u00e1dseg\u00edt\u0151 szolg\u00e1latokkal, c\u00e9l az 1 f\u0151\/csal\u00e1d folyamatos alkalmaz\u00e1sa. Szoci\u00e1lis vetem\u00e9nyeskert, a megtermelt anyagok feldolgoz\u00e1sa, t\u00e9lire eltev\u00e9se illetve piaci \u00e9rt\u00e9kes\u00edt\u00e9se (pl. a helyi int\u00e9zm\u00e9nyek \u00e1tveszik, felhaszn\u00e1lj\u00e1k a k\u00f6z\u00e9tkeztet\u00e9sben) jelentheti az egyik lehet\u0151s\u00e9get. Meg kell tan\u00edtanunk a p\u00e9nz kezel\u00e9s\u00e9t, beoszt\u00e1s\u00e1t, takar\u00e9koskod\u00e1st, m\u00e1r iskol\u00e1s kort\u00f3l. Munkalehet\u0151s\u00e9g lehet\u0151leg minden eg\u00e9szs\u00e9ges szoci\u00e1lisan r\u00e1szorul\u00f3nak is. Fiatalok \u00e9s r\u00e1szorultak r\u00e9sz\u00e9re b\u00e9rlak\u00e1s programot kell ind\u00edtani. A v\u00e1llalkoz\u00f3kkal a kapcsolataink kihaszn\u00e1l\u00e1sa, helybeni munkak\u00f6zvet\u00edt\u00e9ssel, melyet a hivatal koordin\u00e1lhat a csal\u00e1dseg\u00edt\u0151 bevon\u00e1s\u00e1val. A KFT ak\u00e1r b\u00e9rmunk\u00e1ra kihelyezheti dolgoz\u00f3it, a helyi v\u00e1llalkoz\u00f3kat kiseg\u00edtve, akik a j\u00f3 munkaer\u0151t megismerve el\u0151bb ut\u00f3bb \u00e1lland\u00f3 munkahelyet teremthetnek nekik. Rengeteg kapacit\u00e1s rejlik a munkan\u00e9lk\u00fcliekben, amit nem haszn\u00e1lunk ki. A seg\u00e9lyez\u00e9s ez egy dolog, de csak f\u00e1jdalomcsillap\u00edt\u00f3 \u00e9s t\u00fcnetkezel\u00e9s.<\/p>\n<p>Kr\u00edzis helyzetek kezel\u00e9se, jogi tan\u00e1csad\u00e1s azoknak, kik hozz\u00e1nk fordulnak, ha baj van. A k\u00f6zelm\u00faltban t\u00f6rt\u00e9nt szomor\u00fa csal\u00e1di dr\u00e1ma is mutatja, hogy a megkeresett hivatal seg\u00edthetett volna valamiben, tal\u00e1n elker\u00fclhet\u0151 is lett volna egy birtokv\u00e9delmi vagy m\u00e1s beavatkoz\u00e1ssal m\u00e9g ez a trag\u00e9dia is. Az emp\u00e1tia fontoss\u00e1ga a hivatal r\u00e9sz\u00e9r\u0151l elengedhetetlen. Itt nem ad\u00f3alanyok \u00e9s akta \u00fcgyfelek, hanem KEREPESI polg\u00e1rok \u00e9lnek. Ez\u00e9rt a hivatal dolgoz\u00f3i is \u00fagy kell hozz\u00e1juk \u00e1lljanak, mint lak\u00f3t\u00e1rsakhoz, m\u00e9g ha nem is ismerhet mindenki 10.000 lakost szem\u00e9lyesen.<\/p>\n<p>\u00cdr\u00e1somban \u00e1ttekint\u00e9st szeretn\u00e9k adni a lehets\u00e9ges v\u00e1ltoztat\u00e1sokra, valamint r\u00e1 szeretn\u00e9k mutatni azokra a pontokra, melyek \u00fajragondol\u00e1sa id\u0151szer\u0171 lehet.<\/p>\n<p><img loading=\"lazy\" decoding=\"async\" class=\"alignnone\" src=\"https:\/\/kerepes.eu\/springer\/wp-content\/uploads\/2024\/05\/IMG_6164.jpg\" alt=\"A k\u00e9phez tartoz\u00f3 alt jellemz\u0151 \u00fcres; IMG_6164.jpg a f\u00e1jln\u00e9v\" width=\"446\" height=\"297\" \/><\/p>\n<p><strong><u>Eg\u00e9szs\u00e9g\u00fcgyi alapell\u00e1t\u00e1s:<\/u><\/strong><\/p>\n<p>A helyi \u00f6nkorm\u00e1nyzatokr\u00f3l sz\u00f3l\u00f3 t\u00f6rv\u00e9ny az \u00f6nkorm\u00e1nyzatok sz\u00e1m\u00e1ra k\u00f6telez\u0151en, \u00e1lland\u00f3 feladatk\u00e9nt \u00edrja el\u0151 az eg\u00e9szs\u00e9g\u00fcgyi alapell\u00e1t\u00e1sr\u00f3l val\u00f3 gondoskod\u00e1st. Az eg\u00e9szs\u00e9g\u00fcgyr\u0151l sz\u00f3l\u00f3 t\u00f6rv\u00e9ny \u00e9rtelm\u00e9ben a telep\u00fcl\u00e9si \u00f6nkorm\u00e1nyzat az eg\u00e9szs\u00e9g\u00fcgyi alapell\u00e1t\u00e1s k\u00f6r\u00e9ben gondoskodik:<\/p>\n<ol>\n<li>a h\u00e1ziorvosi, h\u00e1zi gyermekorvosi ell\u00e1t\u00e1sr\u00f3l,<\/li>\n<li>a fogorvosi alapell\u00e1t\u00e1sr\u00f3l, <u><\/u><\/li>\n<li>az alapell\u00e1t\u00e1shoz kapcsol\u00f3d\u00f3 \u00fcgyeleti ell\u00e1t\u00e1sr\u00f3l, amit Kistarcsa l\u00e1t el<\/li>\n<li>a v\u00e9d\u0151n\u0151i ell\u00e1t\u00e1sr\u00f3l, (Az \u00e1llam mag\u00e1hoz vette ezt a feladatot- mi az infrastrukt\u00far\u00e1\u00e9rt felel\u00fcnk)<\/li>\n<li>az iskola-eg\u00e9szs\u00e9g\u00fcgyi ell\u00e1t\u00e1sr\u00f3l.<\/li>\n<\/ol>\n<p>Az \u00d6nkorm\u00e1nyzat c\u00e9lja az, hogy a szolg\u00e1ltat\u00e1sokat ig\u00e9nybe vev\u0151k r\u00e9sz\u00e9re min\u0151s\u00e9gi sz\u00ednvonal\u00fa ell\u00e1t\u00e1st tudjon ny\u00fajtani, amely sor\u00e1n az al\u00e1bbiakr\u00f3l sz\u00fcks\u00e9ges gondoskodni:<\/p>\n<p>\u2013 korszer\u0171, magas technikai sz\u00ednvonal\u00fa t\u00e1rgyi felt\u00e9telek<\/p>\n<p>\u2013 testi \u00e9s lelki \u00e9s ment\u00e1lhigi\u00e9n\u00e9s gondoz\u00e1s el\u0151seg\u00edt\u00e9se<\/p>\n<p>\u2013 teljes nyitotts\u00e1g az ell\u00e1tottak egy\u00e9ni ig\u00e9nyeire<\/p>\n<p>Mindezen feladatokat szakmailag j\u00f3l k\u00e9pzett, az emberek ir\u00e1nt emp\u00e1ti\u00e1val, elk\u00f6telezetts\u00e9ggel b\u00edr\u00f3, r\u00f3luk nagy odaad\u00e1ssal gondoskod\u00f3 szakemberekkel l\u00e1tjuk el, akik k\u00e9pesek \u00e9s hajland\u00f3k a szakmai k\u00e9pz\u00e9seken \u00e9s tov\u00e1bbk\u00e9pz\u00e9seken folyamatosan r\u00e9szt venni\u2026<\/p>\n<p>Az akad\u00e1lymentes\u00edt\u00e9s vonatkoz\u00e1s\u00e1ban elmondhat\u00f3, hogy az int\u00e9zm\u00e9nyi ingatlanok jelent\u0151s h\u00e1nyada r\u00e9gi \u00e9p\u00edt\u00e9s\u0171, \u00edgy a korszer\u0171, az akad\u00e1lymentess\u00e9gre vonatkoz\u00f3 \u00e9p\u00edt\u00e9szeti k\u00f6vetelm\u00e9nyeknek m\u00e1r nem felel meg. Az \u00e9p\u00fclet m\u0171szaki \u00e1llapota \u00e1ltal\u00e1noss\u00e1gban rossz, elavult. A betegfektet\u0151 \u00e9s a konzult\u00e1ci\u00f3s helyis\u00e9gek hi\u00e1nya eleve problematikus. Az \u00e9p\u00fcletbe val\u00f3 bejut\u00e1s megoldott, mozg\u00e1ss\u00e9r\u00fclt illemhely nem \u00fczemel. Ennek kialak\u00edt\u00e1sa a jelenlegi adotts\u00e1gok mellett nem lehets\u00e9ges.<\/p>\n<p>\u00d6sszess\u00e9g\u00e9ben az \u00e9p\u00fcletek teljes fel\u00faj\u00edt\u00e1sa, \u00e1talak\u00edt\u00e1sa, vagy kiv\u00e1lt\u00e1sa indokolt.<\/p>\n<p>A gyermek \u00e9s feln\u0151tt h\u00e1zi orvosok, k\u00f6rzeti \u00e1pol\u00f3k, v\u00e9d\u0151n\u0151k, asszisztensek m\u00e9ltatlan k\u00f6r\u00fclm\u00e9nyek k\u00f6z\u00f6tt dolgoznak, a lakoss\u00e1g balk\u00e1ni sz\u00ednvonal\u00fa rendel\u0151kben (vagy az udvaron) k\u00e9nytelen v\u00e1rakozni&#8230;<\/p>\n<p>\u00c9vente\/f\u00e9l\u00e9vente sz\u00fcks\u00e9ges az \u00f6nkorm\u00e1nyzat \u00e9s h\u00e1ziorvosok \u00e1ltal szervezett &#8222;Eg\u00e9szs\u00e9g nap&#8221; tart\u00e1sa, sz\u0171r\u0151vizsg\u00e1latok szervez\u00e9se. Megval\u00f3s\u00edt\u00e1sa csak a Fl\u00f3r Ferenc K\u00f3rh\u00e1zzal \u00e9s a k\u00f6rny\u00e9kbeli eg\u00e9szs\u00e9g\u00fcgyi v\u00e1llalkoz\u00f3k (szem\u00e9sz, orthopedus, stb.) seg\u00edts\u00e9g\u00e9vel lehets\u00e9ges. Az ilyen rendezv\u00e9nyeken t\u00f6rt\u00e9n\u0151 sz\u0171r\u0151vizsg\u00e1latok, a r\u00e9sztvev\u0151k, valamint a lakoss\u00e1g egyes kor, nem vagy egyes kock\u00e1zati t\u00e9nyez\u0151k \u00e1ltal meghat\u00e1rozott vesz\u00e9lyeztetett csoportjainak sz\u0171r\u00e9s\u00e9re, illetve egyes n\u00e9pbetegs\u00e9gek felder\u00edt\u00e9s\u00e9re ir\u00e1nyulnak (v\u00e9rcukorszint, v\u00e9rnyom\u00e1s, BMI, koleszterin ellen\u0151rz\u00e9s, stb.).<\/p>\n<p>Ezen t\u00falmen\u0151en sz\u00fcks\u00e9ges a t\u00e9r\u00edt\u00e9smentes eg\u00e9szs\u00e9gmeg\u0151rz\u0151 programokhoz val\u00f3 hozz\u00e1jut\u00e1s t\u00e1mogat\u00e1sa amibe a kapcsol\u00f3d\u00f3 t\u00e1rsszervek is bekapcsol\u00f3dhatn\u00e1nak ak\u00e1r felk\u00e9rt elad\u00f3k\u00e9nt, ak\u00e1r hallgat\u00f3s\u00e1gk\u00e9nt.<\/p>\n<p><u>Fog\u00e1szi alapell\u00e1t\u00e1s<\/u><\/p>\n<p>Az eszk\u00f6z\u00f6k m\u0171szaki \u00e1llapot\u00e1r\u00f3l \u00e1ltal\u00e1nosan elmondhat\u00f3, hogy nem a legkorszer\u0171bb. elavult, folyamatosan p\u00f3tl\u00e1sra szorulnak. Legnagyobb probl\u00e9m\u00e1t a korszer\u0171tlen fog\u00e1szati \u00e9s kezel\u0151egys\u00e9gek jelentik, amelyek m\u0171k\u00f6d\u0151k\u00e9pess\u00e9ge jelenleg biztos\u00edtott, azonban cser\u00e9j\u00fck a k\u00f6zelj\u00f6v\u0151ben m\u00e1r nem ker\u00fclhet\u0151 el.<\/p>\n<p><u>V\u00e9d\u0151n\u0151i szolg\u00e1lat:<\/u><\/p>\n<p>Az eg\u00e9szs\u00e9g\u00fcgyi alapell\u00e1t\u00e1s szerves r\u00e9sze, a gyermek h\u00e1ziorvosi rendel\u00e9s fontos kieg\u00e9sz\u00edt\u0151 eleme, hiszen a gyermekek eg\u00e9szs\u00e9ges fejl\u0151d\u00e9s\u00e9nek \u00e1lland\u00f3 kontrollj\u00e1t adja, v\u00e9gzi a jogszab\u00e1lyokban r\u00f6gz\u00edtett k\u00fcl\u00f6nb\u00f6z\u0151 sz\u0171r\u0151vizsg\u00e1latokat, ell\u00e1tja az alapfok\u00fa oktat\u00e1si-nevel\u00e9si int\u00e9zeteket. A tev\u00e9kenys\u00e9g k\u00e9t ter\u00fcletre osztott: k\u00f6rzeti v\u00e9d\u0151n\u0151i k\u00f6rzetek ker\u00fcltek kialak\u00edt\u00e1sra a jogszab\u00e1lyi v\u00e1ltoz\u00e1sok kapcs\u00e1n, \u00e9s emellett ker\u00fclt fel\u00e1ll\u00edt\u00e1sra az \u00fan. iskola v\u00e9d\u0151n\u0151i rendszer. Az eg\u00e9szs\u00e9gnevel\u0151 munk\u00e1ban a v\u00e9d\u0151n\u0151i seg\u00edts\u00e9g jelent\u0151s\u00e9ge az \u00f3vod\u00e1ban \u00e9s az iskol\u00e1ban els\u0151dleges.<\/p>\n<p><strong><u>Szoci\u00e1lis alapell\u00e1t\u00e1s:<\/u><\/strong><\/p>\n<p>A tev\u00e9kenys\u00e9g k\u00e9t nagy csoportot \u00f6lel fel:<\/p>\n<ol>\n<li>klasszikus csal\u00e1dseg\u00edt\u00e9s: csal\u00e1dseg\u00edt\u00e9s, gyermekj\u00f3l\u00e9ti szolg\u00e1ltat\u00e1s<\/li>\n<li>szem\u00e9lyes gondoskod\u00e1s keret\u00e9ben v\u00e9gzett szoci\u00e1lis ell\u00e1t\u00e1sok: Id\u0151sek Napk\u00f6zi Otthona, (Id\u0151sek klubja) <strong>H\u00e1zi szoci\u00e1lis gondoz\u00e1s, Szoci\u00e1lis \u00e9tkeztet\u00e9s<\/strong><\/li>\n<\/ol>\n<p><strong> <img loading=\"lazy\" decoding=\"async\" class=\"\" src=\"https:\/\/kerepes.eu\/springer\/wp-content\/uploads\/2024\/05\/132421.jpg\" alt=\"A k\u00e9phez tartoz\u00f3 alt jellemz\u0151 \u00fcres; 132421.jpg a f\u00e1jln\u00e9v\" width=\"547\" height=\"331\" \/><\/strong><\/p>\n<p><strong>\u00a0<\/strong><u>Gyermekj\u00f3l\u00e9ti szolg\u00e1lat<\/u><\/p>\n<p>A szolg\u00e1lat feladatai 2004-t\u0151l jelent\u0151sen b\u0151v\u00fcltek. A szolg\u00e1lat olyan, a gyermek \u00e9rdekeit v\u00e9d\u0151 speci\u00e1lis szem\u00e9lyes szoci\u00e1lis szolg\u00e1ltat\u00e1st ny\u00fajt, amely a szoci\u00e1lis munka m\u00f3dszereinek \u00e9s eszk\u00f6zeinek felhaszn\u00e1l\u00e1s\u00e1val szolg\u00e1lja a gyerekek testi \u00e9s lelki eg\u00e9szs\u00e9g\u00e9t.<\/p>\n<p>H\u00e1rmas feladata van: a szervez\u00e9s, a szolg\u00e1ltat\u00e1s \u00e9s a gondoz\u00e1s.<\/p>\n<p><u>Csal\u00e1dseg\u00edt\u0151 Szolg\u00e1lat:<\/u><\/p>\n<p>A Szolg\u00e1lat alaptev\u00e9kenys\u00e9ge az egy\u00e9nekkel, csal\u00e1dokkal, csoportokkal, k\u00f6z\u00f6ss\u00e9gekkel v\u00e9gzett szoci\u00e1lis munka. \u00c1ltal\u00e1nos \u00e9s speci\u00e1lis seg\u00edts\u00e9get ny\u00fajt a m\u0171k\u00f6d\u00e9si ter\u00fclet\u00e9n \u00e9l\u0151 szoci\u00e1lis \u00e9s ment\u00e1lhigi\u00e9n\u00e9s probl\u00e9m\u00e1k miatt vesz\u00e9lyeztetett, illetve kr\u00edzishelyzetbe ker\u00fclt szem\u00e9lyek, csal\u00e1dok sz\u00e1m\u00e1ra, hogy helyzet\u00fckre megold\u00e1st tal\u00e1ljanak, \u00e9s a megold\u00e1s sor\u00e1n szerzett tapasztalataikat \u00e9let\u00fck tov\u00e1bbi r\u00e9sz\u00e9ben kamatoztatni tudj\u00e1k.<\/p>\n<p><img loading=\"lazy\" decoding=\"async\" class=\"\" src=\"https:\/\/kerepes.eu\/springer\/wp-content\/uploads\/2024\/05\/wepik-2021916-161217-1024x1024.png\" alt=\"A k\u00e9phez tartoz\u00f3 alt jellemz\u0151 \u00fcres; wepik-2021916-161217-1024x1024.png a f\u00e1jln\u00e9v\" width=\"315\" height=\"315\" \/><\/p>\n<p><u>Gondoz\u00e1si K\u00f6zpont<\/u><\/p>\n<p>Az elm\u00falt t\u00edz \u00e9v itt hozta a legt\u00f6bb v\u00e1ltoz\u00e1st. Gondoz\u00e1si K\u00f6zpont, a H\u00e1zi Szoci\u00e1lis Gondoz\u00f3k, \u00e9s a Szoci\u00e1lis \u00e9tkeztet\u00e9s minden telep\u00fcl\u00e9s fontos feladata.<\/p>\n<p><strong>Alapvet\u0151 c\u00e9l, hogy az \u00f6nkorm\u00e1nyzat eleget tegyen a jogszab\u00e1lyi k\u00f6telezetts\u00e9geinek, \u00e9s tegye ezt a legkisebb r\u00e1ford\u00edt\u00e1sokkal, a leghat\u00e9konyabb m\u00f3don, azaz a legkevesebb sz\u00fcks\u00e9ges er\u0151forr\u00e1s (hum\u00e1n \u00e9s t\u00e1rgyi eszk\u00f6z) felhaszn\u00e1l\u00e1s\u00e1val. \u00a0<\/strong><\/p>\n<p>(A teljes 8 oldalas tanulm\u00e1nyanyag, a www.kerepes.eu oldalunkon tal\u00e1lhat\u00f3)<\/p>\n\n\n<figure class=\"wp-block-gallery has-nested-images columns-default is-cropped wp-block-gallery-1 is-layout-flex wp-block-gallery-is-layout-flex\"><\/figure>\n","protected":false},"excerpt":{"rendered":"<p>Hogyan \u0151rizz\u00fck meg \u00e9rt\u00e9keinket, v\u00e9dj\u00fck meg az \u00e9rdekeinket \u00e9s szervezz\u00fck meg \u00e9lhet\u0151 telep\u00fcl\u00e9s\u00fcnk j\u00f6v\u0151j\u00e9t? Akkor ideje megv\u00e1ltoztatni a j\u00f6v\u0151t.<\/p>\n","protected":false},"author":1,"featured_media":2479,"comment_status":"open","ping_status":"open","sticky":false,"template":"","format":"audio","meta":{"give_campaign_id":0,"footnotes":""},"categories":[6],"tags":[],"class_list":["post-182","post","type-post","status-publish","format-audio","has-post-thumbnail","hentry","category-daily-news","post_format-post-format-audio"],"_links":{"self":[{"href":"https:\/\/kerepes.eu\/springer\/wp-json\/wp\/v2\/posts\/182","targetHints":{"allow":["GET"]}}],"collection":[{"href":"https:\/\/kerepes.eu\/springer\/wp-json\/wp\/v2\/posts"}],"about":[{"href":"https:\/\/kerepes.eu\/springer\/wp-json\/wp\/v2\/types\/post"}],"author":[{"embeddable":true,"href":"https:\/\/kerepes.eu\/springer\/wp-json\/wp\/v2\/users\/1"}],"replies":[{"embeddable":true,"href":"https:\/\/kerepes.eu\/springer\/wp-json\/wp\/v2\/comments?post=182"}],"version-history":[{"count":4,"href":"https:\/\/kerepes.eu\/springer\/wp-json\/wp\/v2\/posts\/182\/revisions"}],"predecessor-version":[{"id":2848,"href":"https:\/\/kerepes.eu\/springer\/wp-json\/wp\/v2\/posts\/182\/revisions\/2848"}],"wp:featuredmedia":[{"embeddable":true,"href":"https:\/\/kerepes.eu\/springer\/wp-json\/wp\/v2\/media\/2479"}],"wp:attachment":[{"href":"https:\/\/kerepes.eu\/springer\/wp-json\/wp\/v2\/media?parent=182"}],"wp:term":[{"taxonomy":"category","embeddable":true,"href":"https:\/\/kerepes.eu\/springer\/wp-json\/wp\/v2\/categories?post=182"},{"taxonomy":"post_tag","embeddable":true,"href":"https:\/\/kerepes.eu\/springer\/wp-json\/wp\/v2\/tags?post=182"}],"curies":[{"name":"wp","href":"https:\/\/api.w.org\/{rel}","templated":true}]}}