{"id":190,"date":"2017-09-23T14:59:45","date_gmt":"2017-09-23T14:59:45","guid":{"rendered":"https:\/\/kerepes.eu\/springer\/?p=190"},"modified":"2024-05-11T05:20:45","modified_gmt":"2024-05-11T05:20:45","slug":"a-new-history-of-our-society","status":"publish","type":"post","link":"https:\/\/kerepes.eu\/springer\/2017\/09\/23\/a-new-history-of-our-society\/","title":{"rendered":"KULT\u00daRA"},"content":{"rendered":"<p><strong>Kult\u00fara:<\/strong><br \/>\nM\u00fazeum program: A r\u00e9g\u00e9szeti \u00e9s kultur\u00e1lis \u00e9rt\u00e9keink sz\u00e1mbav\u00e9tele \u00e9s kiakn\u00e1z\u00e1sa. Nemzetis\u00e9gek H\u00e1za l\u00e9trehoz\u00e1sa, \u00edgy a helyi nemzetis\u00e9gek, kisebbs\u00e9gek k\u00f6z\u00f6s \u00e9p\u00fcletet kapn\u00e1nak, ahol mindenki berendezhetne a saj\u00e1t kult\u00far\u00e1j\u00e1val egy-egy helyis\u00e9get.<\/p>\n<p><strong>Turizmusprogramunk:<\/strong>\u00a0 A 300 \u00e9ves a leg\u00f6regebb \u00e9p\u00fclet\u00fcnk \u2013 Nepomuki szobor &#8211; Cs\u00f6rsz \u00e1rok- K\u00e1lv\u00e1ria-hegy-stb. bemutat\u00e1sa. A G\u00f6d\u00f6ll\u0151re tart\u00f3 turist\u00e1k, buszcsoportok legal\u00e1bb egy r\u00e9sz\u00e9nek ide vonz\u00e1sa. K\u00fclf\u00f6ldi kapcsolataink, testv\u00e9rtelep\u00fcl\u00e9sek r\u00e9v\u00e9n is turizmusfejleszt\u00e9s, hagyom\u00e1ny\u0151rz\u00e9s. Az \u00fcnnepek r\u00e9gi szintre emel\u00e9se: H\u00fasv\u00e9t, P\u00fcnk\u00f6sd, Szilasligeti fesztiv\u00e1l S\u00f6rfesztiv\u00e1l. A hatalmas \u00f6sszegek\u00e9rt tartott rendezv\u00e9nyekb\u0151l addig el\u00e9g, am\u00edg minden m\u00e1s fontosabb nincs megcsin\u00e1lva. Ut\u00e1na ak\u00e1r a H\u0151s\u00f6k ter\u00e9t is megval\u00f3s\u00edthatjuk makettben, de addig ink\u00e1bb csak k\u00e9peslapon. A K\u00f6rtefafesztiv\u00e1l kis p\u00e9nzb\u0151l is megoldhat\u00f3. Turista \u00fatvonal, ker\u00e9kp\u00e1r\u00fat (Budapest-G\u00f6d\u00f6ll\u0151 k\u00f6z\u00f6tt) fejleszt\u00e9se k\u00f6z\u00f6s t\u00e9rs\u00e9gi p\u00e1ly\u00e1zatokkal, turista inform\u00e1ci\u00f3s f\u00fczet kiad\u00e1sa.<\/p>\n<p>Nemzetk\u00f6zi \u00e9s hazai rendezv\u00e9nyek r\u00e9sz\u00e9re ter\u00fclet \u00e9s lehet\u0151s\u00e9gek biztos\u00edt\u00e1sa &#8211; ha kell\u00a0ellenszolg\u00e1ltat\u00e1s n\u00e9lk\u00fcl\u00a0vagy csek\u00e9ly\u00a0bev\u00e9tel \u00e1r\u00e1n is, de t\u00e1vlatilag biztos haszonnal j\u00e1r.<\/p>\n<p><strong>Testv\u00e9rv\u00e1rosok:\u00a0<\/strong>M\u00e1r a kor\u00e1bbi polg\u00e1rmesterek is akartak n\u00e9met testv\u00e9rtelep\u00fcl\u00e9st, de \u00faj perspekt\u00edv\u00e1t nyit most a N\u00e9met \u00d6nkorm\u00e1nyzat. Van Cseh, Szlov\u00e1k testv\u00e9rv\u00e1ros, az Erd\u00e9lyi k\u00f6t\u0151d\u00e9s\u0171ek r\u00e9v\u00e9n az erd\u00e9lyi r\u00e9gi\u00f3val val\u00f3 kapcsolataink kihaszn\u00e1l\u00e1sa l\u00e1tszik k\u00e9zenfekv\u0151nek.<\/p>\n<p><strong>\u00c9rt\u00e9kt\u00e1r<\/strong>: Nagyon fontos, hogy archiv\u00e1ljuk ut\u00f3daink r\u00e9sz\u00e9re eml\u00e9keinket. Legyen ez vide\u00f3 vagy fot\u00f3, vagy r\u00e9gi dokumentumok, vagy t\u00e1rgyi \u00f6r\u00f6ks\u00e9geink a m\u00faltb\u00f3l. Ez a m\u00fazeum programunk r\u00e9sze is, de a k\u00f6nyvt\u00e1r szerepe sem elhanyagoland\u00f3 benne.<\/p>\n<p>Civilek egyes\u00fcletek t\u00e1mogat\u00e1sa: Az egyes\u00fcletek, alap\u00edtv\u00e1nyok, civil szervezetek tev\u00e9kenys\u00e9g\u00e9nek, munk\u00e1j\u00e1nak seg\u00edt\u00e9se, \u00f6sszehangol\u00e1sa. Szervezetek bevon\u00e1sa az el\u0151k\u00e9sz\u00edt\u0151 munk\u00e1kba. K\u00f6z\u00f6s c\u00e9lok\u00e9rt egy\u00fcttes p\u00e1ly\u00e1zatokban val\u00f3 r\u00e9szv\u00e9tel. \u00d6nszervez\u0151d\u0151 zenekaroknak gyakorl\u00f3hely biztos\u00edt\u00e1sa. \u00d6nk\u00e9ntes t\u0171zolt\u00f3s\u00e1g megalap\u00edt\u00e1sa.<\/p>\n<p><strong>Nevel\u00e9s \u2013 Oktat\u00e1s \u2013 Ifj\u00fas\u00e1gpolitika<\/strong><\/p>\n<p>Feln\u0151tteknek \u00e9s az ifj\u00fas\u00e1gnak egyar\u00e1nt n\u00e9met \u00e9s angol nyelvtanfolyamot szeretn\u00e9nk ind\u00edtani. Ig\u00e9ny szerint a Szlov\u00e1k \u00d6nkorm\u00e1nyzat felm\u00e9r\u00e9s\u00e9t t\u00e1mogatni a szlov\u00e1k nyelvoktat\u00e1s ir\u00e1ny\u00e1ba. Feln\u0151tt szlov\u00e1k nyelvoktat\u00e1s ak\u00e1r amat\u0151r szinten is elk\u00e9pzelhet\u0151 az id\u0151sebb koroszt\u00e1lyt\u00f3l, akik m\u00e9g \u0151rzik, besz\u00e9lik a nyelvet. K\u00e1r lenne ezt az el\u0151nyt nem kihaszn\u00e1lni, s ak\u00e1r n\u00e9h\u00e1ny sz\u00f3 vagy mondat is seg\u00edthet. Ne felejts\u00fck el, ha nyaralni megy\u00fcnk pl. Horv\u00e1torsz\u00e1gba, Szlov\u00e9n tengerpartra, j\u00f3l j\u00f6het egy kis szl\u00e1v nyelvtud\u00e1s is.<\/p>\n<p>K\u00f6rbeker\u00edtett j\u00e1tsz\u00f3t\u00e9r l\u00e9trehoz\u00e1sa az UNI\u00d3S elv\u00e1r\u00e1soknak megfelel\u0151en. J\u00e1tsz\u00f3terek fel\u00faj\u00edt\u00e1sa \u00e9s serd\u00fcl\u0151 kamasz szabadid\u0151s j\u00e1tsz\u00f3terek kialak\u00edt\u00e1sa. Ezeknek sz\u00e1mos p\u00e9ld\u00e1ja van k\u00f6rnyezet\u00fcnkben G\u00f6d\u00f6ll\u0151n \u00e9s Kistarcs\u00e1n is, csak n\u00e1lunk eddig nem volt r\u00e1 elk\u00e9pzel\u00e9s. BMX-p\u00e1lya, g\u00f6rkorcsolya- \u00e9s z\u00e1rhat\u00f3, beker\u00edtett aszfaltos kisfoci- \u00e9s kos\u00e1rlabdap\u00e1lya. Ez \u00f6sszef\u00fcgg az eg\u00e9szs\u00e9g\u00fcggyel, mert gyermekeinket \u00edgy ki tudjuk mozd\u00edtani a sz\u00e1m\u00edt\u00f3g\u00e9p mell\u0151l, s eltunyul\u00e1s helyett eg\u00e9szs\u00e9gesebbek lesznek. A d\u00e9lut\u00e1ni iskolai programok b\u0151v\u00edt\u00e9se, iskol\u00e1n k\u00edv\u00fcli torna\u00f3r\u00e1k szervez\u00e9se (\u00fasz\u00e1s, korcsolya, lovagl\u00e1s helyi lovard\u00e1kban) A KFT egyik telephely\u00e9n A panor\u00e1m\u00e1sokt\u00f3l kapott ter\u00fcleten az Alf\u00f6ldi u. j\u00e1tsz\u00f3teret terveztet\u00fcnk, melynek \u00e9rt\u00e9ke n\u00f6velheti a v\u00e1rosi rang \u00e9rt\u00e9k\u00e9t. Ha r\u00e1m szavaznak, \u00e9s dolgozhatunk, p\u00e1ly\u00e1zunk \u00e9s ez is ingyen lesz. A KFT b\u0151v\u00edt\u00e9se t\u00f6bb mint id\u0151szer\u0171. Telephelynek alkalmas\u00a0 ak\u00e1r a Barber-tanya, erre a ter\u00fcletet \u00e9vi 1 forint\u00e9rt adn\u00e1m \u00e1t Kerepesnek. Itt egy kamer\u00e1val v\u00e9dett ter\u00fclet lenne, ami a k\u00f6rny\u00e9k k\u00f6zbiztons\u00e1ga szempontb\u00f3l sem elhanyagolhat\u00f3. T\u00e1mogatn\u00e1m mag\u00e1nemberk\u00e9nt is az \u00f3vodai \u00e9s iskolai oktat\u00e1st tiszteletd\u00edjamb\u00f3l, amit \u00e9n imm\u00e1r 15. \u00e9ve, egyed\u00fcl\u00e1ll\u00f3 m\u00f3don mindeddig, m\u00e9g a mai napig sem vettem fel.<\/p>\n<p><strong>Kommunik\u00e1ci\u00f3:<\/strong><\/p>\n<p>Az \u00fajs\u00e1g kiad\u00e1s\u00e1nak fel\u00fclvizsg\u00e1lata. Fontos-e havi 400 ezer forint k\u00f6r\u00fcli sz\u00ednes \u00fajs\u00e1g kiad\u00e1sa? Nem luxus ez egy v\u00e1rosnak, ahol nincsenek j\u00e1rd\u00e1k, utak, \u00e9s v\u00edzelvezet\u00e9s? A sz\u00ednes \u00fajs\u00e1g oldalsz\u00e1mainak cs\u00f6kkent\u00e9se, tartalm\u00e1nak \u00e1tgondol\u00e1sa \u00e9s kevesebb dicshimnusz is el\u00e9g lenne f\u00e9l \u00e1ron. A Kerepes r\u00e1di\u00f3 \u00e9s a Szilas TV bevon\u00e1sa az inform\u00e1ci\u00f3ba. A Szilas-Bloghoz hasonl\u00f3 oldalak sz\u00fcks\u00e9gess\u00e9g\u00e9t fontosnak tartom. A telep\u00fcl\u00e9s honlapj\u00e1nak azonnali \u00e1tdolgoz\u00e1sa tartalmi \u00e9s l\u00e1tv\u00e1ny szinten is. Egy Kerepes v\u00e1ros\u00e1hoz sokkal ill\u0151bb, a k\u00fclf\u00f6ldi testv\u00e9rv\u00e1rosok nyelv\u00e9n \u00e9s angolul is megtekinthet\u0151 tartalommal. Minimum bemutatkoz\u00e1si \u00e9s turisztikai, rekl\u00e1m szinten. Az interneten kereszt\u00fcl legyen el\u00e9rhet\u0151 a hivatal \u00e9s gyors seg\u00edts\u00e9gny\u00fajt\u00e1ssal, inform\u00e1ci\u00f3val l\u00e1ssa el a lakoss\u00e1got. A Polg\u00e1rmester \u00e9s az inform\u00e1ci\u00f3 is haszn\u00e1lja az elektronikus m\u00e9di\u00e1t. (Skype, Facebook, f\u00f3rum \u00e9s egy\u00e9b kommunik\u00e1ci\u00f3s oldal, ami megk\u00f6nny\u00edti az ezt ig\u00e9nyl\u0151 lakoss\u00e1g inform\u00e1ci\u00f3hoz jut\u00e1s\u00e1t) Persze a telefonos \u00e9s szem\u00e9lyes \u00fcgyf\u00e9lfogad\u00e1s sem maradhat \u00e9rintetlen\u00fcl. A hivatal seg\u00edt\u0151k\u00e9sz \u00e9s kommunikat\u00edv kell, hogy legyen. Ez persze most is m\u0171k\u00f6dik, de fokozottan a lakoss\u00e1g \u00e9rdek\u00e9ben kell tenni. Telep\u00fcl\u00e9s-r\u00e9szenk\u00e9nti falugy\u0171l\u00e9sek \u00e9vente. A civil r\u00e9szv\u00e9tel szerep\u00e9nek kiakn\u00e1z\u00e1sa elengedhetetlen a telep\u00fcl\u00e9s j\u00f6v\u0151j\u00e9nek \u00e9rdek\u00e9ben. Sz\u00e1mos jeles ember \u00e9l Kerepesen, akiknek a v\u00e9lem\u00e9ny\u00e9re eddig nem adott senki. Az inform\u00e1ci\u00f3, \u00e9s a tud\u00e1s aranyn\u00e1l t\u00f6bbet \u00e9r. Ez\u00e9rt is fontos a test\u00fcleti \u00fcl\u00e9sek r\u00f6gz\u00edt\u00e9se \u00e9s \u00e9l\u0151 r\u00e1di\u00f3ad\u00e1sban sug\u00e1rz\u00e1sa az elektronikus m\u00e9dia kihaszn\u00e1l\u00e1s\u00e1val. A TV-k\u00e9p \u00e9s -hang \u00e9s \u00e9l\u0151, illetve k\u00e9s\u0151bb visszan\u00e9zhet\u0151 anyag archiv\u00e1l\u00e1sa a k\u00f6nyvt\u00e1rban is, hogy b\u00e1rki szabadon hozz\u00e1f\u00e9rhessen. Els\u0151 \u00fctemben a k\u00f6zint\u00e9zm\u00e9nyek k\u00f6rzet\u00e9ben, k\u00e9s\u0151bb a teljes telep\u00fcl\u00e9sen ingyenes Wi-Fi h\u00e1l\u00f3zat kialak\u00edt\u00e1sa. Ez alkalmas a t\u00e9rfigyel\u0151 kamer\u00e1k jeleinek tov\u00e1bb\u00edt\u00e1s\u00e1ra is, ak\u00e1r mobil eszk\u00f6z\u00f6n t\u00e1vmegfigyel\u00e9ssel.<\/p>\n","protected":false},"excerpt":{"rendered":"<p>Olyan Kerepesi k\u00f6z\u00e9letet kell teremteni, amelyben a t\u00e1j\u00e9kozott polg\u00e1rok szuver\u00e9nek \u00e9s k\u00f6z\u00f6s d\u00f6nt\u00e9seket hoznak.<\/p>\n","protected":false},"author":1,"featured_media":2391,"comment_status":"open","ping_status":"open","sticky":false,"template":"","format":"audio","meta":{"give_campaign_id":0,"footnotes":""},"categories":[6],"tags":[],"class_list":["post-190","post","type-post","status-publish","format-audio","has-post-thumbnail","hentry","category-daily-news","post_format-post-format-audio"],"_links":{"self":[{"href":"https:\/\/kerepes.eu\/springer\/wp-json\/wp\/v2\/posts\/190","targetHints":{"allow":["GET"]}}],"collection":[{"href":"https:\/\/kerepes.eu\/springer\/wp-json\/wp\/v2\/posts"}],"about":[{"href":"https:\/\/kerepes.eu\/springer\/wp-json\/wp\/v2\/types\/post"}],"author":[{"embeddable":true,"href":"https:\/\/kerepes.eu\/springer\/wp-json\/wp\/v2\/users\/1"}],"replies":[{"embeddable":true,"href":"https:\/\/kerepes.eu\/springer\/wp-json\/wp\/v2\/comments?post=190"}],"version-history":[{"count":4,"href":"https:\/\/kerepes.eu\/springer\/wp-json\/wp\/v2\/posts\/190\/revisions"}],"predecessor-version":[{"id":2648,"href":"https:\/\/kerepes.eu\/springer\/wp-json\/wp\/v2\/posts\/190\/revisions\/2648"}],"wp:featuredmedia":[{"embeddable":true,"href":"https:\/\/kerepes.eu\/springer\/wp-json\/wp\/v2\/media\/2391"}],"wp:attachment":[{"href":"https:\/\/kerepes.eu\/springer\/wp-json\/wp\/v2\/media?parent=190"}],"wp:term":[{"taxonomy":"category","embeddable":true,"href":"https:\/\/kerepes.eu\/springer\/wp-json\/wp\/v2\/categories?post=190"},{"taxonomy":"post_tag","embeddable":true,"href":"https:\/\/kerepes.eu\/springer\/wp-json\/wp\/v2\/tags?post=190"}],"curies":[{"name":"wp","href":"https:\/\/api.w.org\/{rel}","templated":true}]}}