{"id":193,"date":"2017-09-23T15:00:31","date_gmt":"2017-09-23T15:00:31","guid":{"rendered":"https:\/\/kerepes.eu\/springer\/?p=193"},"modified":"2024-05-13T17:19:16","modified_gmt":"2024-05-13T17:19:16","slug":"improving-immigration-policy-2","status":"publish","type":"post","link":"https:\/\/kerepes.eu\/springer\/2017\/09\/23\/improving-immigration-policy-2\/","title":{"rendered":"Springer Friedrich f\u00fcggetlen polg\u00e1rmesterjel\u00f6lt bemutatkoz\u00e1sa"},"content":{"rendered":"<div id=\"widget_audio_1968352900\" class=\"widget_area sc_widget_audio scheme_default vc_widget_audio wpb_content_element\"><aside id=\"widget_audio_1968352900_widget\" class=\"widget widget_audio\"><div class=\"trx_addons_audio_player without_cover\"><div class=\"audio_frame audio_local\"><\/div><\/div><\/aside><\/div>\n<p>K\u00f6sz\u00f6n\u00f6m mindazoknak, akik a jel\u00f6l\u00e9s\u00fcnket t\u00e1mogatt\u00e1k.<\/p>\n<p>Elmondhatn\u00e1m, hogy csal\u00e1df\u00e1m biztosan Moh\u00e1csig is visszavezetem, \u00edrhatn\u00e9k nagyszer\u0171 \u0151s\u00f6kr\u0151l is. M\u00e1ria Ter\u00e9zia d\u00e9dnagymam\u00e1m d\u00e9dnagymam\u00e1ja volt \u00e9s Cs\u00e1k M\u00e1t\u00e9t\u00f3l ki \u00c1rp\u00e1dh\u00e1zi <a href=\"https:\/\/www.bing.com\/ck\/a?!&amp;&amp;p=3e08e08e47243f88JmltdHM9MTcxMzgzMDQwMCZpZ3VpZD0wNWRmNmUwNi1mMDBiLTY5YWQtMWI5Zi03ZDFkZjFkMjY4N2QmaW5zaWQ9NTIwNw&amp;ptn=3&amp;ver=2&amp;hsh=3&amp;fclid=05df6e06-f00b-69ad-1b9f-7d1df1d2687d&amp;psq=bucsuvez%c3%a9r&amp;u=a1aHR0cHM6Ly90dXJ1bC5pbmZvL21hZ3lhcm9rL2J1bGNzdQ&amp;ntb=1\" target=\"_blank\" rel=\"noopener\">Bulcs\u00fa vez\u00e9r\u00a0<\/a>v\u00e9re volt, kapt\u00e1k f\u00f6ldjeiket nagyap\u00e1m felmen\u0151i a nemes Dobozy-ak. De kit \u00e9rdekelnek a mendemond\u00e1k, \u00e9s csal\u00e1di t\u00f6rt\u00e9netek. Fontosabb, hogy \u00e9n mit tervezek a k\u00f6z\u00f6s kerepesi j\u00f6v\u0151nkr\u0151l, ez\u00fattal csak r\u00f6viden. Gondolom sokan, ismerhetik tev\u00e9kenys\u00e9gem. Azok, akik ismernek, tudj\u00e1k azt is, hogy becsv\u00e1gy, p\u00e9nz sosem vez\u00e9relt, \u00e9s alkalmas vagyok az \u00d6n\u00f6k \u00e9rdekeinek k\u00e9pviselet\u00e9re, szolg\u00e1lat\u00e1ra, a csapatmunk\u00e1ra. \u00c9vek \u00f3ta t\u00f6bb sz\u00e1zan r\u00e1m b\u00edzz\u00e1k legdr\u00e1g\u00e1bb kincs\u00fcket, a szem\u00fck f\u00e9ny\u00e9t: a gyermek\u00fcket. \u0150k tudj\u00e1k, ahogy gyermekeikre vigy\u00e1zok, \u00fagy fogok vigy\u00e1zni Kerepes \u00e9rt\u00e9keire, \u00fagy fogom szolg\u00e1lni Kerepest \u00e9s \u00d6n\u00f6ket is.<\/p>\n<p>Boldogan \u00e9lek itt csal\u00e1dommal, m\u00e1r t\u00f6bb mint 36 \u00e9ve. \u00c9desap\u00e1m is \u00e9lete v\u00e9g\u00e9ig \u00e9lt itt Kerepesen is halt meg. Otthonra lelt\u00fcnk, nevelj\u00fck gyerekeinket. De feles\u00e9gem t\u00e1mogat\u00e1sa n\u00e9lk\u00fcl nem j\u00f6tt volna l\u00e9tre mindaz, amire b\u00fcszke vagyok. A n\u00e9met nyelvoktat\u00e1s bevezet\u00e9se az \u00f3vod\u00e1ban, iskol\u00e1ban, amib\u0151l saj\u00e1t gyerekeink sajnos kimaradtak, de mi k\u00f6teless\u00e9g\u00fcnknek \u00e9rezt\u00fck, hogy ide j\u00e1rjanak. A N\u00e9met Iparkamar\u00e1nak \u00e9s g\u00e9pj\u00e1rm\u0171szak\u00e9rt\u0151k egyes\u00fclet\u00e9nek tagjak\u00e9nt munk\u00e1m k\u00fclf\u00f6ldh\u00f6z is k\u00f6t\u0151dik. B\u00edr\u00f3s\u00e1gi \u00e9s szak\u00e9rt\u0151i tev\u00e9kenys\u00e9get v\u00e9gzek, k\u00f6zleked\u00e9stechnikai \u00e9s baleseti k\u00e1rmechanizmus f\u0151 szakir\u00e1nyban.<\/p>\n<p>A kerepesi \u00e1llapotokat igen j\u00f3l ismerem \u00e9s hossz\u00fa \u00e9vek \u00f3ta, a test\u00fcleti \u00fcl\u00e9seken tan\u00e1cskoz\u00e1si joggal k\u00e9pviselem a kerepesieket, ha lehet, akkor ki\u00e1llok \u00e9s t\u00e1mogatom mindazt, ami fontos az itt \u00e9l\u0151 embereknek. \u00c9vek \u00f3ta k\u00e9pvisel\u0151k\u00e9nt is de kor\u00e1bban a r\u00e1di\u00f3ban, a facebookon k\u00f6zvet\u00edtem az \u00fcl\u00e9seket. B\u00fcszke vagyok r\u00e1, hogy 18. \u00e9ve sz\u00f3l a r\u00e1di\u00f3, amit megv\u00e1laszt\u00e1som eset\u00e9n, ism\u00e9t URH frekvenci\u00e1n folytatn\u00e9k. Test\u00fcleti munk\u00e1mmal, megismertem az \u00f6nkorm\u00e1nyzat munk\u00e1j\u00e1t, jogi j\u00e1rtass\u00e1got szereztem a k\u00f6zigazgat\u00e1s ter\u00fclet\u00e9n, ezt a N\u00d6K orsz\u00e1gos sikere bizony\u00edtja. Tervezem, hogy egyenes, ny\u00edlt megb\u00edzhat\u00f3, \u00fcgyf\u00e9lbar\u00e1t \u00e9s \u00e1tl\u00e1that\u00f3 legyen a hivatal.<br \/><br \/>Programunk legf\u0151bb eleme a k\u00f6zbiztons\u00e1g, a k\u00f6zleked\u00e9s, a v\u00edzelvezet\u00e9s \u00e9s a szil\u00e1rd burkolat\u00fa utak \u00e9s j\u00e1rd\u00e1k, \u00e1llat- \u00e9s a k\u00f6rnyezetv\u00e9delem lesz. P\u00e1rtf\u00fcggetlen jel\u00f6ltjeinkkel szolg\u00e1lni szeretn\u00e9nk \u00d6n\u00f6ket, ha bizalmukkal megtisztelnek. <b>T\u00f6bb t\u00e1mogat\u00f3nk<\/b>, a v\u00e1rosk\u00f6zpont, az orvosi rendel\u0151k \u00e9s egy\u00e9b telep\u00fcl\u00e9sfejleszt\u00e9si k\u00e9rd\u00e9sekben fog seg\u00edteni nekem. De volt k\u00f6zter\u00fcletfel\u00fcgyel\u0151nk Panyi Csaba neve is garancia lesz a k\u00f6zbiztons\u00e1g helyre\u00e1ll\u00edt\u00e1s\u00e1ra, mint ahogy M\u00e9sz\u00e1ros Istv\u00e1n alezredes \u00far\u00e9 is aki szak\u00e9rt\u0151i csapatunk er\u0151s\u00edti.. A szaktud\u00e1st aj\u00e1nljuk fel, hisz Kerepesen, korszak \u00e9s szeml\u00e9letv\u00e1lt\u00e1s kell. <br \/><br \/>Ez csak az \u00d6n\u00f6k szavazat\u00e1n m\u00falik. Tov\u00e1bbra is sz\u00e1m\u00edtunk v\u00e9lem\u00e9ny\u00fckre \u00e9s tan\u00e1csaikra, mert nem egyszer\u0171 id\u0151szak el\u0151tt \u00e1llunk. Fontos d\u00f6nt\u00e9seket kell meghozni igen r\u00f6vid id\u0151 alatt, amelyek hossz\u00fa t\u00e1von meghat\u00e1rozhatj\u00e1k majd telep\u00fcl\u00e9s\u00fcnk j\u00f6v\u0151j\u00e9t.<\/p>\n<p>K\u00e9t voksot is k\u00e9rek. K\u00e9rem, hogy szavazzanak r\u00e1m az egyes k\u00f6rzetben is, hiszen megv\u00e1laszt\u00e1som eset\u00e9n 12 helyett 11 f\u0151s lehet a test\u00fclet, ami a sokmilli\u00f3s megtakar\u00edt\u00e1son fel\u00fcl, hat\u00e9konyabb k\u00e9pviseletet is jelent.\u00a0<br \/><br \/><span style=\"font-size: revert; color: initial;\">\u00c9lhet\u0151 Kerepest fogunk megval\u00f3s\u00edtani csapatmunk\u00e1val. <em>\u00dajra meg kell tanulnunk ny\u00edltan besz\u00e9lni egym\u00e1ssal, mert csak EGY\u00dcTT lehet cselekedni, mert <\/em>Kerepesnek kell a J\u00f3 d\u00f6nt\u00e9s!<br \/>Tegy\u00fcnk Egy\u00fctt Kerepes\u00e9rt &#8211; igazi civil \u00d6sszefog\u00e1ssal a v\u00e1ltoz\u00e1s\u00e9rt!<br \/><\/span>\u00a0<\/p>\n\n\n<figure class=\"wp-block-image size-large\"><img loading=\"lazy\" decoding=\"async\" width=\"1024\" height=\"907\" src=\"https:\/\/kerepes.eu\/springer\/wp-content\/uploads\/2024\/04\/Almassy-Bettina-2024.-Springer-csapat02-1024x907.jpg\" alt=\"\" class=\"wp-image-2172\" srcset=\"https:\/\/kerepes.eu\/springer\/wp-content\/uploads\/2024\/04\/Almassy-Bettina-2024.-Springer-csapat02-1024x907.jpg 1024w, https:\/\/kerepes.eu\/springer\/wp-content\/uploads\/2024\/04\/Almassy-Bettina-2024.-Springer-csapat02-300x266.jpg 300w, https:\/\/kerepes.eu\/springer\/wp-content\/uploads\/2024\/04\/Almassy-Bettina-2024.-Springer-csapat02-768x680.jpg 768w, https:\/\/kerepes.eu\/springer\/wp-content\/uploads\/2024\/04\/Almassy-Bettina-2024.-Springer-csapat02-1536x1361.jpg 1536w, https:\/\/kerepes.eu\/springer\/wp-content\/uploads\/2024\/04\/Almassy-Bettina-2024.-Springer-csapat02-2048x1814.jpg 2048w, https:\/\/kerepes.eu\/springer\/wp-content\/uploads\/2024\/04\/Almassy-Bettina-2024.-Springer-csapat02-370x328.jpg 370w, https:\/\/kerepes.eu\/springer\/wp-content\/uploads\/2024\/04\/Almassy-Bettina-2024.-Springer-csapat02-760x673.jpg 760w\" sizes=\"auto, (max-width: 1024px) 100vw, 1024px\" \/><\/figure>\n","protected":false},"excerpt":{"rendered":"<p>Ne azt n\u00e9zd, mit tehet \u00e9rted Kerepes, hanem azt, hogy mit tehetsz te Kerepes\u00e9rt!<\/p>\n","protected":false},"author":1,"featured_media":2282,"comment_status":"open","ping_status":"open","sticky":false,"template":"","format":"audio","meta":{"give_campaign_id":0,"footnotes":""},"categories":[6],"tags":[],"class_list":["post-193","post","type-post","status-publish","format-audio","has-post-thumbnail","hentry","category-daily-news","post_format-post-format-audio"],"_links":{"self":[{"href":"https:\/\/kerepes.eu\/springer\/wp-json\/wp\/v2\/posts\/193","targetHints":{"allow":["GET"]}}],"collection":[{"href":"https:\/\/kerepes.eu\/springer\/wp-json\/wp\/v2\/posts"}],"about":[{"href":"https:\/\/kerepes.eu\/springer\/wp-json\/wp\/v2\/types\/post"}],"author":[{"embeddable":true,"href":"https:\/\/kerepes.eu\/springer\/wp-json\/wp\/v2\/users\/1"}],"replies":[{"embeddable":true,"href":"https:\/\/kerepes.eu\/springer\/wp-json\/wp\/v2\/comments?post=193"}],"version-history":[{"count":5,"href":"https:\/\/kerepes.eu\/springer\/wp-json\/wp\/v2\/posts\/193\/revisions"}],"predecessor-version":[{"id":2803,"href":"https:\/\/kerepes.eu\/springer\/wp-json\/wp\/v2\/posts\/193\/revisions\/2803"}],"wp:featuredmedia":[{"embeddable":true,"href":"https:\/\/kerepes.eu\/springer\/wp-json\/wp\/v2\/media\/2282"}],"wp:attachment":[{"href":"https:\/\/kerepes.eu\/springer\/wp-json\/wp\/v2\/media?parent=193"}],"wp:term":[{"taxonomy":"category","embeddable":true,"href":"https:\/\/kerepes.eu\/springer\/wp-json\/wp\/v2\/categories?post=193"},{"taxonomy":"post_tag","embeddable":true,"href":"https:\/\/kerepes.eu\/springer\/wp-json\/wp\/v2\/tags?post=193"}],"curies":[{"name":"wp","href":"https:\/\/api.w.org\/{rel}","templated":true}]}}