{"id":196,"date":"2024-05-23T20:42:52","date_gmt":"2024-05-23T20:42:52","guid":{"rendered":"https:\/\/kerepes.eu\/springer\/?p=196"},"modified":"2024-05-23T20:43:18","modified_gmt":"2024-05-23T20:43:18","slug":"the-chamber-of-commerce","status":"publish","type":"post","link":"https:\/\/kerepes.eu\/springer\/2024\/05\/23\/the-chamber-of-commerce\/","title":{"rendered":"\u00c9lhet\u0151 telep\u00fcl\u00e9s:"},"content":{"rendered":"<p><strong>\u00c9lhet\u0151 telep\u00fcl\u00e9s:<\/strong><\/p>\n<p>Legyen Vir\u00e1gos telep\u00fcl\u00e9s Kerepes, hogy \u00f6r\u00f6mteli legyen itt \u00e9lni \u00e9s lakni.<br \/>Telep\u00fcl\u00e9sk\u00f6zpont \u00e9s k\u00f6zpont-rehabilit\u00e1ci\u00f3s p\u00e1ly\u00e1zatok lehet\u0151s\u00e9geinek 100%-os kihaszn\u00e1l\u00e1sa.<\/p>\n<p><strong>Utcat\u00e1bla:<\/strong>\u00a0Az \u00f6nkorm\u00e1nyzat \u00e1ltal tervezett tov\u00e1bbi 400 darab utcat\u00e1bla gy\u00e1rt\u00e1s\u00e1t, \u00edgy\u00a0 tov\u00e1bbi 8.000.000 Ft kiad\u00e1st meg\u00e1ll\u00edtani. Ebb\u0151l az \u00f6sszegb\u0151l \u00fat- \u00e9s j\u00e1rdafejleszt\u00e9st, tov\u00e1bb\u00e1 a k\u00f6zvil\u00e1g\u00edt\u00e1st fogjuk fejleszteni.<\/p>\n<p>\u00a0<\/p>\n<p><strong>V\u00e1rosfejleszt\u00e9si terv:\u00a0<\/strong>A hossz\u00fa t\u00e1v\u00fa v\u00e1rosfejleszt\u00e9si tervben szerepl\u0151 v\u00e1rosk\u00f6zpont kialak\u00edt\u00e1st \u00fajra \u00e1tgondolva sz\u00f3 sem lehet a Szilasi nagyr\u00e9tre tervezett v\u00e1rosk\u00f6zpont kialak\u00edt\u00e1s\u00e1r\u00f3l. Sem az \u00d6nkorm\u00e1nyzat \u00e9p\u00fclete, sem a k\u00f6zponti rendel\u0151 nem \u00e9p\u00fclhet oda, tov\u00e1bb\u00e1 az orvosi rendel\u0151k \u00e1tgondolatlan elad\u00e1sa, s azok k\u00f6zpontos\u00edt\u00e1sa sem a lakoss\u00e1g \u00e9rdekeit tartja szem el\u0151tt. A tervezett Kerepesi alk\u00f6zpont a focip\u00e1lya hely\u00e9n \u00e9p\u00fclne, de nincs sz\u00fcks\u00e9g alk\u00f6zpontra, sem egy\u00e9b felesleges beruh\u00e1z\u00e1sokra addig, am\u00edg m\u00e1s priorit\u00e1sok vannak.\u00a0 A v\u00e1rosk\u00f6zpont a Szenth\u00e1roms\u00e1g szobor \u00e9s a volt iskola ter\u00fclet\u00e9nek visszav\u00e1s\u00e1rl\u00e1sa ut\u00e1n \/katolikus egyh\u00e1znak eladott ter\u00fclet 40.000.000 Ft-\u00e9rt\/ lehet\u0151s\u00e9g\u00e9vel a Templom utca, mint t\u00f6rt\u00e9nelmi Kerepes,\u00a0 hagyom\u00e1nyos kult\u00fark\u00f6zpont alkalmass\u00e1g\u00e1nak megvizsg\u00e1l\u00e1s\u00e1val lehetne kialak\u00edtani. A Templom utca v\u00e9g\u00e9n a nemzetis\u00e9gi fesztiv\u00e1lok helysz\u00edn\u00e9t alkalmass\u00e1 kell tenni rendezv\u00e9nyekre illetve b\u00facs\u00fa \u00e9s m\u00e1s k\u00f6z\u00f6ss\u00e9gi esem\u00e9nyek tart\u00e1s\u00e1ra. T\u00e9rk\u00f6vez\u00e9s \u00e9s szabadt\u00e9ri sz\u00ednpad seg\u00edthet ebben, ami alkalmas ifj\u00fas\u00e1gi tal\u00e1lkoz\u00f3helynek \u00e9s j\u00e1tsz\u00f3t\u00e9rnek is.<\/p>\n<p><img decoding=\"async\" src=\"https:\/\/kerepes.eu\/springer\/wp-content\/uploads\/2024\/05\/4px-BW84_n0QJGVPszge3NRBsKw-2VcOifrJIjPYFYkOtaCZxxXQ2YNzAzlIeNfDqG1fxrnxKn9xdV60tpMNjo9-_83DFgaZBB7hopuSCX1YcVT9bYvNAw-1024x576.webp\" alt=\"A k\u00e9phez tartoz\u00f3 alt jellemz\u0151 \u00fcres; 4px-BW84_n0QJGVPszge3NRBsKw-2VcOifrJIjPYFYkOtaCZxxXQ2YNzAzlIeNfDqG1fxrnxKn9xdV60tpMNjo9-_83DFgaZBB7hopuSCX1YcVT9bYvNAw-1024x576.webp a f\u00e1jln\u00e9v\" \/><\/p>\n<p><strong>Kutak \u2013 V\u00edzcsapok:\u00a0<\/strong>K\u00f6zkutak l\u00e9tes\u00edt\u00e9se sz\u00fcks\u00e9ges a telep\u00fcl\u00e9s turista \u00fatvonalain\u00e1l, a m\u00e9g megl\u00e9v\u0151 k\u00f6zkutak pedig nem ker\u00fcln\u00e9nek megsz\u00fcntet\u00e9sre.<\/p>\n<p><strong>V\u00edzm\u0171:<\/strong>\u00a0Hamarosan \u00e1tad\u00e1sra ker\u00fcl az \u00faj v\u00edzm\u0171 telep, elkezd\u0151d\u00f6tt az iv\u00f3v\u00edzh\u00e1l\u00f3zat r\u00e9szleges fel\u00faj\u00edt\u00e1sa a min\u0151s\u00e9gjav\u00edt\u00f3 p\u00e1ly\u00e1zat kapcs\u00e1n, de a teljes cs\u0151h\u00e1l\u00f3zat cser\u00e9je elmaradt. Csak akkor lesz mindenhol ihat\u00f3, uszad\u00e9kmentes iv\u00f3v\u00edz, ha ez a beruh\u00e1z\u00e1s is teljes k\u00f6r\u0171en folytat\u00f3dik.<\/p>\n<p><strong>Temet\u0151:<\/strong>\u00a0Felt\u00e9rk\u00e9pezz\u00fck a temet\u0151t, hogy minden s\u00edr \u00e9s eltemetett szem\u00e9ly neve fel van-e t\u00fcntetve. A szil\u00e1rd burkolat\u00fa parkol\u00f3 ki\u00e9p\u00edt\u00e9se fontos, \u00e9s a temet\u0151kert sz\u00e9p\u00edt\u00e9s\u00e9\u00e9rt is tesz\u00fcnk, \u00edgy tervezz\u00fck padok elhelyez\u00e9s\u00e9t, t\u00e9rk\u0151vel sz\u00e9les\u00edtett el\u0151terek l\u00e9trehoz\u00e1s\u00e1t, egyes szakaszokon a s\u00edrok k\u00f6z\u00f6tti utak ki\u00e9p\u00edt\u00e9s\u00e9t f\u0171beton \u00e9s j\u00e1rdalap elemekkel. A temet\u0151 helyzete hossz\u00fat\u00e1von megold\u00e1st kell, hogy nyerjen, ehhez kis l\u00e9legzetv\u00e9telnyi (5-10 \u00e9ves) id\u0151t ny\u00fajthat, ha a Szabads\u00e1g \u00fat oldal\u00e1n k\u00e9s\u0151bb b\u0151v\u00edthet\u0151 ker\u00edt\u00e9sk\u00e9nt urnafalat \u00e9p\u00edt\u00fcnk ennek k\u00f6lts\u00e9gvisel\u00e9s\u00e9re a temet\u0151 \u00fczemeltet\u0151j\u00e9t kell bevonni. Ez tov\u00e1bbi ak\u00e1r 500-1000 temetkez\u00e9s lehet\u0151s\u00e9g\u00e9t is biztos\u00edthatja. Amennyiben sz\u00fcks\u00e9ges, a terjeszked\u00e9s a focip\u00e1lya fel\u00e9 \u00e1tgondolhat\u00f3, de hossz\u00fat\u00e1von egy \u00faj, a v\u00e1ros sz\u00e9l\u00e9n kialak\u00edtand\u00f3 temet\u0151 sz\u00fcks\u00e9gess\u00e9ge m\u00e1r kibontakozni l\u00e1tszik. Nem lehet megold\u00e1s a Kerepes k\u00f6zpontja fel\u00e9 val\u00f3 terjeszked\u00e9s, mivel \u00fagy csak a gondot g\u00f6rgetj\u00fck magunk el\u0151tt. A futballp\u00e1lya helyzete is megold\u00e1st s\u00fcrget, egy tov\u00e1bbi programpontban r\u00e9szletezz\u00fck azt is.<\/p>\n<p><strong>A v\u00e1ros \u00f6sszk\u00e9p\u00e9nek jav\u00edt\u00e1sa:<\/strong><\/p>\n<p>&#8211; egy k\u00f6zponti park kialak\u00edt\u00e1sa.<\/p>\n<p>&#8211; v\u00e1rosk\u00e9p-fel\u00faj\u00edt\u00e1si program.<\/p>\n<p>&#8211; <strong>\u00c9lhet\u0151 telep\u00fcl\u00e9s:<\/strong> terv elk\u00e9sz\u00edt\u00e9se.<\/p>\n<p>&#8211; buszv\u00e1r\u00f3k \u00fajj\u00e1\u00e9p\u00edt\u00e9se.<\/p>\n<p>k\u00f6zter\u00fcleti padok, forgalomlass\u00edt\u00f3k, ir\u00e1ny\u00edt\u00f3 t\u00e1bl\u00e1k<\/p>\n\n\n<figure class=\"wp-block-image size-full\"><img loading=\"lazy\" decoding=\"async\" width=\"512\" height=\"640\" src=\"https:\/\/kerepes.eu\/springer\/wp-content\/uploads\/2024\/05\/429814132_801807668641323_2226962565716937275_n.jpg\" alt=\"\" class=\"wp-image-2809\" srcset=\"https:\/\/kerepes.eu\/springer\/wp-content\/uploads\/2024\/05\/429814132_801807668641323_2226962565716937275_n.jpg 512w, https:\/\/kerepes.eu\/springer\/wp-content\/uploads\/2024\/05\/429814132_801807668641323_2226962565716937275_n-240x300.jpg 240w, https:\/\/kerepes.eu\/springer\/wp-content\/uploads\/2024\/05\/429814132_801807668641323_2226962565716937275_n-370x463.jpg 370w\" sizes=\"auto, (max-width: 512px) 100vw, 512px\" \/><figcaption class=\"wp-element-caption\">RemasterDirector_V0<\/figcaption><\/figure>\n","protected":false},"excerpt":{"rendered":"<p>\u00c9sszel \u00e9s szaktud\u00e1ssal, er\u0151 \u00e9s er\u0151szakoss\u00e1g n\u00e9lk\u00fcl!<\/p>\n","protected":false},"author":1,"featured_media":2359,"comment_status":"open","ping_status":"open","sticky":false,"template":"","format":"audio","meta":{"give_campaign_id":0,"footnotes":""},"categories":[6],"tags":[],"class_list":["post-196","post","type-post","status-publish","format-audio","has-post-thumbnail","hentry","category-daily-news","post_format-post-format-audio"],"_links":{"self":[{"href":"https:\/\/kerepes.eu\/springer\/wp-json\/wp\/v2\/posts\/196","targetHints":{"allow":["GET"]}}],"collection":[{"href":"https:\/\/kerepes.eu\/springer\/wp-json\/wp\/v2\/posts"}],"about":[{"href":"https:\/\/kerepes.eu\/springer\/wp-json\/wp\/v2\/types\/post"}],"author":[{"embeddable":true,"href":"https:\/\/kerepes.eu\/springer\/wp-json\/wp\/v2\/users\/1"}],"replies":[{"embeddable":true,"href":"https:\/\/kerepes.eu\/springer\/wp-json\/wp\/v2\/comments?post=196"}],"version-history":[{"count":4,"href":"https:\/\/kerepes.eu\/springer\/wp-json\/wp\/v2\/posts\/196\/revisions"}],"predecessor-version":[{"id":2810,"href":"https:\/\/kerepes.eu\/springer\/wp-json\/wp\/v2\/posts\/196\/revisions\/2810"}],"wp:featuredmedia":[{"embeddable":true,"href":"https:\/\/kerepes.eu\/springer\/wp-json\/wp\/v2\/media\/2359"}],"wp:attachment":[{"href":"https:\/\/kerepes.eu\/springer\/wp-json\/wp\/v2\/media?parent=196"}],"wp:term":[{"taxonomy":"category","embeddable":true,"href":"https:\/\/kerepes.eu\/springer\/wp-json\/wp\/v2\/categories?post=196"},{"taxonomy":"post_tag","embeddable":true,"href":"https:\/\/kerepes.eu\/springer\/wp-json\/wp\/v2\/tags?post=196"}],"curies":[{"name":"wp","href":"https:\/\/api.w.org\/{rel}","templated":true}]}}