{"id":202,"date":"2024-05-10T15:02:00","date_gmt":"2024-05-10T15:02:00","guid":{"rendered":"https:\/\/kerepes.eu\/springer\/?p=202"},"modified":"2024-05-14T17:57:53","modified_gmt":"2024-05-14T17:57:53","slug":"the-state-of-the-city-2017","status":"publish","type":"post","link":"https:\/\/kerepes.eu\/springer\/2024\/05\/10\/the-state-of-the-city-2017\/","title":{"rendered":"Kerepesen, legyen c\u00e9l az \u0151szinte besz\u00e9d!"},"content":{"rendered":"<p>https:\/\/www.facebook.com\/Kerepesi\/videos\/963374045112765<\/p>\n<p><b>M\u00e9dia tartalmak \u00e9s \u0151szinte nyilv\u00e1noss\u00e1gra hoz\u00e1sa mindennek. Z\u00e1rt \u00fcl\u00e9s nem tathat\u00f3 csak kiv\u00e9teles esetekben.<\/b><\/p>\n<p><b><br \/><\/b><br \/><em>Kor\u00e1bban cenz\u00fara rendeletek nehez\u00edtett\u00e9k az inform\u00e1ci\u00f3k \u00e1raml\u00e1s\u00e1t. (\u00fcl\u00e9sen fogadnak el.)<\/em><\/p>\n<p><strong><em>Ez \u201c\u00faj paragrafus- ponttal\u201d eg\u00e9sz\u00fclt ki, \u00e9s a k\u00f6zt\u00e1j\u00e9koztat\u00e1s csorbulhat ezzel<\/em>. Id\u00e9zet ebb\u0151l. A teljes anyag itt olvashat\u00f3 ez ellen tiltakoztam \u00e9s el\u00e9rtem a t\u00f6rl\u00e9s\u00e9t:<\/strong><br \/><a href=\"https:\/\/www.kerepes.hu\/sites\/default\/files\/fajlok\/5.%20napirend%20mell%C%203%A9klet.pdf\">https:\/\/www.kerepes.hu\/sites\/default\/files\/fajlok\/5.%20napirend%20mell%C<br \/>3%A9klet.pdf<\/a><\/p>\n<p><strong>3. Az \u00d6nkorm\u00e1nyzat \u00e1ltal fenntartott m\u00e9dia, \u00fcl\u00e9sek k\u00f6zvet\u00edt\u00e9sek, hanganyag r\u00f6gz\u00edt\u00e9se<\/strong><br \/><strong>3. \u00a7<\/strong><br \/>(1) Az \u00d6nkorm\u00e1nyzat hivatalos lapja a Szervusz Kerepes!, az alap\u00edt\u00f3i jogokat az \u00d6nkorm\u00e1nyzat gyakorolja.<br \/>(2) Az \u00d6nkorm\u00e1nyzat hivatalos honlapja a www.kerepes.hu.<br \/><strong><em>(3) A k\u00e9pvisel\u0151-test\u00fcleti \u00fcl\u00e9sek k\u00f6zvet\u00edt\u00e9s\u00e9re, hangr\u00f6gz\u00edt\u00e9s\u00e9re jogosultak k\u00f6re:<\/em><\/strong><br \/>a) a Szilas TV k\u00f6zm\u0171sor szolg\u00e1ltat\u00e1sa,<br \/>b) a MikroVoks szavazat\u00f6sszes\u00edt\u0151 \u00e9s hangr\u00f6gz\u00edt\u0151 rendszere \u00e9s<br \/>c) a K\u00e9pvisel\u0151-test\u00fclet egyszer\u0171 t\u00f6bbs\u00e9ggel meghozott egyedi d\u00f6nt\u00e9se alapj\u00e1n.<\/p>\n<p><strong><em>Az \u00f6nkorm\u00e1nyzat vagyona feletti rendelkez\u00e9sek.<\/em>\u00a0Polg\u00e1rmesterre \u00e1truh\u00e1zott hat\u00e1sk\u00f6r\u00f6k jegyz\u00e9ke<\/strong><br \/><b>\u00a0<\/b><\/p>\n<div class=\"wp-block-image\">\u00a0<\/div>\n<p><strong>3. D\u00f6nt<\/strong>\u00a0behajthatatlan fizet\u00e9si k\u00f6telezetts\u00e9g\u00a0<strong>m\u00e9rs\u00e9kl\u00e9se, elenged\u00e9se<\/strong>\u00a0t\u00e1rgy\u00e1ban\u00a0<strong>500.000,- Ft<\/strong>-ig terjed\u0151 egyedi \u00e9rt\u00e9khat\u00e1rig.<br \/><strong>4<\/strong>.\u00a0<strong>D\u00f6nt<\/strong>\u00a0az \u00d6nkorm\u00e1nyzat \u00e1tmeneti s<strong>zabad p\u00e9nzeszk\u00f6zeinek lek\u00f6t\u00e9se t\u00e1rgy\u00e1ban<\/strong>\u00a0a P\u00e9nz\u00fcgyi, \u00dcgyrendi \u00e9s Fejleszt\u00e9si Bizotts\u00e1g ut\u00f3lagos t\u00e1j\u00e9koztat\u00e1sa mellett.<br \/><strong>5.\u00a0<em>D\u00f6nt<\/em><\/strong><em>\u00a0az \u00e1tmenetileg szabad p\u00e9nzeszk\u00f6z\u00f6knek\u00a0<\/em><strong><em>\u00e1llami kincst\u00e1rjegyekbe<\/em><\/strong><em>\u00a0val\u00f3 befektet\u00e9se t\u00e1rgy\u00e1ban a P\u00e9nz\u00fcgyi, \u00dcgyrendi \u00e9s Fejleszt\u00e9si Bizotts\u00e1g ut\u00f3lagos t\u00e1j\u00e9koztat\u00e1sa mellett.<\/em><br \/><strong>6. \u00d6sszeghat\u00e1r n\u00e9lk\u00fcl\u00a0<\/strong>d\u00f6nt a likvid\u00a0<strong>hitel felv\u00e9tel\u00e9r\u0151l,\u00a0<\/strong>a soron k\u00f6vetkez\u0151 test\u00fcleti \u00fcl\u00e9sen t\u00f6rt\u00e9n\u0151 t\u00e1j\u00e9koztat\u00e1si k\u00f6telezetts\u00e9g mellett.<\/p>\n<div class=\"wp-block-image\">\n<figure class=\"alignright is-resized\"><img loading=\"lazy\" decoding=\"async\" class=\"alignnone wp-image-2245 size-medium\" src=\"https:\/\/kerepes.eu\/springer\/wp-content\/uploads\/2024\/04\/96637_vote-300x150.jpg\" alt=\"\" width=\"300\" height=\"150\" srcset=\"https:\/\/kerepes.eu\/springer\/wp-content\/uploads\/2024\/04\/96637_vote-300x150.jpg 300w, https:\/\/kerepes.eu\/springer\/wp-content\/uploads\/2024\/04\/96637_vote-370x185.jpg 370w, https:\/\/kerepes.eu\/springer\/wp-content\/uploads\/2024\/04\/96637_vote.jpg 560w\" sizes=\"auto, (max-width: 300px) 100vw, 300px\" \/><\/figure>\n<\/div>\n<p><strong>-N\u00e9h\u00e1ny a k\u00e9p \u00e9s hangr\u00f6gz\u00edt\u00e9shez kapcsol\u00f3d\u00f3, m\u00e1s, egy\u00e9b hat\u00e1rozat, \u00e1ll\u00e1sfoglal\u00e1s \u00e9s f\u0151 t\u00f6rv\u00e9nyi szab\u00e1lyz\u00e1s.<\/strong><\/p>\n<p><a href=\"https:\/\/l.facebook.com\/l.php?u=https%3A%2F%2Ftasz.hu%2Fcikkek%2Fhelyi-onkormanyzati-aktivizmus-1x1%3Ffbclid%3DIwAR1nmaRzluL5zpC89BuW7TCUf0zNbHcVnDc2aFjkCl3MOIQlBFyQLtxEQ9Q&amp;h=AT0CyNXOmNFWE_N5uyyNqf4RJDfsfwl45Hl58pjjlXGwWmJePS8VJO7sFdmhwf1mVL0_k4UrRdpkLVnqYdSFcB_JcaPAjePIVLSryhksAHH83uVuUJ0AXHaY7iV7GH7zbm97Yg\" target=\"_blank\" rel=\"noreferrer noopener\">https:\/\/tasz.hu\/cikkek\/helyi-onkormanyzati-aktivizmus-1\u00d71<\/a><\/p>\n<p><strong>Felv\u00e9telek k\u00e9sz\u00edt\u00e9se \u00e9s felhaszn\u00e1l\u00e1s\u00e1nak lehet\u0151s\u00e9ge az \u00f6nkorm\u00e1nyzat k\u00e9pvisel\u0151-test\u00fcleti \u00fcl\u00e9sein\u00a0<\/strong>Jogi F\u00f3rum \/ OBH<\/p>\n<p><em>Az \u00fcl\u00e9s alatt elhangzott mag\u00e1nv\u00e9lem\u00e9nyek esetleges nyilv\u00e1noss\u00e1gra ker\u00fcl\u00e9s\u00e9vel az \u00fcl\u00e9sen r\u00e9szt vev\u0151knek sz\u00e1molniuk kell. A k\u00e9p- \u00e9s hanganyag r\u00f6gz\u00edt\u00e9se, k\u00f6zvet\u00edt\u00e9se az \u00fcl\u00e9s megnyit\u00e1s\u00e1t\u00f3l kezd\u0151d\u0151en jogszer\u0171.<\/em><\/p>\n<p>Az adatv\u00e9delmi biztos jogk\u00f6r\u00e9ben elj\u00e1r\u00f3 \u00e1llampolg\u00e1ri jogok orsz\u00e1ggy\u0171l\u00e9si biztosa egy polg\u00e1rmester konzult\u00e1ci\u00f3s beadv\u00e1ny\u00e1ra adott \u00e1ll\u00e1sfoglal\u00e1s\u00e1ban hangs\u00falyozta, hogy ugyan a k\u00e9pvisel\u0151-test\u00fcleti \u00fcl\u00e9sek nyilv\u00e1noss\u00e1g\u00e1nak biztos\u00edt\u00e1s\u00e1val kapcsolatos teend\u0151ket az \u00f6nkorm\u00e1nyzat szervezeti \u00e9s m\u0171k\u00f6d\u00e9si szab\u00e1lyzat\u00e1ban kell r\u00e9szletesen szab\u00e1lyozni, a felv\u00e9telt k\u00e9sz\u00edt\u0151k szem\u00e9lyi k\u00f6r\u00e9t \u00e9s a felv\u00e9tel k\u00e9s\u0151bbi felhaszn\u00e1l\u00e1s\u00e1t, a k\u00f6zz\u00e9t\u00e9tel hely\u00e9t \u00e9s m\u00f3dj\u00e1t a nyilv\u00e1nos \u00fcl\u00e9sek eset\u00e9ben nem lehet korl\u00e1tozni.<br \/>(<a href=\"https:\/\/www.facebook.com\/sinkogy\" target=\"_blank\" rel=\"noopener noreferrer\">Sink\u00f3 Gy\u00f6rgy<\/a>-nek k\u00f6sz\u00f6nettel, aki egykoron, ezt is kiharcolta Kerepesen.)<\/p>\n<p><a href=\"https:\/\/www.naih.hu\/files\/Adatvedelem4311_V_2012-5-valasz.pdf?fbclid=IwAR2LRi38NpXZx3GvOqMbq73iLwrePU7S15AIiiKrmGjCsY2ANKVZXZv5ZXY\" target=\"_blank\" rel=\"noreferrer noopener\">https:\/\/www.naih.hu\/files\/Adatvedelem4311_V_2012-5-valasz.pdf<\/a><\/p>\n<p><a href=\"http:\/\/www.edemokracia.hu\/?module=news&amp;action=show&amp;nid=203022&amp;fbclid=IwAR0Y1VIdpHrXe-p44HNrczflBoogjVF8_uxanPIG_Be0DgzhGqdgIPkXLwI\" target=\"_blank\" rel=\"noreferrer noopener\">http:\/\/www.edemokracia.hu\/?module=news&amp;action=show&amp;nid=203022<\/a><\/p>\n<p>Hogy ezek nem \u00faj dolgok? 2006-ban is m\u00e1r rendelkeztek r\u00f3la.\u00a0<a href=\"http:\/\/abi.atlatszo.hu\/index.php?menu=kamerazas1&amp;dok=889_K_2006-3&amp;fbclid=IwAR1xSxU2HS8YdtmEOfAn3RtbmFpcH537yU4CQXDdJeOpABMo5dxyp4U4-sM\" target=\"_blank\" rel=\"noreferrer noopener\">http:\/\/abi.atlatszo.hu\/index.php?menu=kamerazas1&amp;dok=889_K_2006-3<\/a><\/p>\n<p>Van ahol ez nyilv\u00e1nosan az \u00d6nkorm\u00e1nyzat honlapj\u00e1ra is felker\u00fcl.\u00a0<a href=\"http:\/\/www.rad.hu\/index.php\/rad-hivatalvezeto-kozlemenyei-menu\/632-rad-hirek-testuleti-ules-hangfelvetele-20181123?fbclid=IwAR2iHGM4bJ4W_AYKBDGimriV6heK3fHIn-KpMisV4PViRVPeMZVm2nWJxe4\" target=\"_blank\" rel=\"noreferrer noopener\">http:\/\/www.rad.hu\/index.php\/rad-hivatalvezeto-kozlemenyei-menu\/632-rad-hirek-testuleti-ules-hangfelvetele-20181123<\/a><\/p>\n\n\n<figure class=\"wp-block-image size-large\"><img loading=\"lazy\" decoding=\"async\" width=\"1024\" height=\"576\" src=\"https:\/\/kerepes.eu\/springer\/wp-content\/uploads\/2024\/05\/DSC_0031-ez-1170x658-1-1024x576.jpg\" alt=\"\" class=\"wp-image-2816\" srcset=\"https:\/\/kerepes.eu\/springer\/wp-content\/uploads\/2024\/05\/DSC_0031-ez-1170x658-1-1024x576.jpg 1024w, https:\/\/kerepes.eu\/springer\/wp-content\/uploads\/2024\/05\/DSC_0031-ez-1170x658-1-300x169.jpg 300w, https:\/\/kerepes.eu\/springer\/wp-content\/uploads\/2024\/05\/DSC_0031-ez-1170x658-1-768x432.jpg 768w, https:\/\/kerepes.eu\/springer\/wp-content\/uploads\/2024\/05\/DSC_0031-ez-1170x658-1-370x208.jpg 370w, https:\/\/kerepes.eu\/springer\/wp-content\/uploads\/2024\/05\/DSC_0031-ez-1170x658-1-760x427.jpg 760w, https:\/\/kerepes.eu\/springer\/wp-content\/uploads\/2024\/05\/DSC_0031-ez-1170x658-1-270x152.jpg 270w, https:\/\/kerepes.eu\/springer\/wp-content\/uploads\/2024\/05\/DSC_0031-ez-1170x658-1.jpg 1170w\" sizes=\"auto, (max-width: 1024px) 100vw, 1024px\" \/><\/figure>\n","protected":false},"excerpt":{"rendered":"<p>Az es\u00e9lyegyenl\u0151s\u00e9g priorit\u00e1s.<br \/>\nA diszkrimin\u00e1ci\u00f3 nem megengedhet\u0151 semmi f\u00e9le megk\u00fcl\u00f6nb\u00f6ztet\u00e9s nem fordulhat el\u0151!<\/p>\n","protected":false},"author":1,"featured_media":2363,"comment_status":"open","ping_status":"open","sticky":false,"template":"","format":"audio","meta":{"give_campaign_id":0,"footnotes":""},"categories":[6],"tags":[],"class_list":["post-202","post","type-post","status-publish","format-audio","has-post-thumbnail","hentry","category-daily-news","post_format-post-format-audio"],"_links":{"self":[{"href":"https:\/\/kerepes.eu\/springer\/wp-json\/wp\/v2\/posts\/202","targetHints":{"allow":["GET"]}}],"collection":[{"href":"https:\/\/kerepes.eu\/springer\/wp-json\/wp\/v2\/posts"}],"about":[{"href":"https:\/\/kerepes.eu\/springer\/wp-json\/wp\/v2\/types\/post"}],"author":[{"embeddable":true,"href":"https:\/\/kerepes.eu\/springer\/wp-json\/wp\/v2\/users\/1"}],"replies":[{"embeddable":true,"href":"https:\/\/kerepes.eu\/springer\/wp-json\/wp\/v2\/comments?post=202"}],"version-history":[{"count":6,"href":"https:\/\/kerepes.eu\/springer\/wp-json\/wp\/v2\/posts\/202\/revisions"}],"predecessor-version":[{"id":2915,"href":"https:\/\/kerepes.eu\/springer\/wp-json\/wp\/v2\/posts\/202\/revisions\/2915"}],"wp:featuredmedia":[{"embeddable":true,"href":"https:\/\/kerepes.eu\/springer\/wp-json\/wp\/v2\/media\/2363"}],"wp:attachment":[{"href":"https:\/\/kerepes.eu\/springer\/wp-json\/wp\/v2\/media?parent=202"}],"wp:term":[{"taxonomy":"category","embeddable":true,"href":"https:\/\/kerepes.eu\/springer\/wp-json\/wp\/v2\/categories?post=202"},{"taxonomy":"post_tag","embeddable":true,"href":"https:\/\/kerepes.eu\/springer\/wp-json\/wp\/v2\/tags?post=202"}],"curies":[{"name":"wp","href":"https:\/\/api.w.org\/{rel}","templated":true}]}}