{"id":31,"date":"2024-05-23T10:49:44","date_gmt":"2024-05-23T10:49:44","guid":{"rendered":"https:\/\/kerepes.eu\/springer\/?p=31"},"modified":"2024-05-23T10:52:34","modified_gmt":"2024-05-23T10:52:34","slug":"mayor-community-convention-center-and-partners-celebrate-historic-agreement","status":"publish","type":"post","link":"https:\/\/kerepes.eu\/springer\/2024\/05\/23\/mayor-community-convention-center-and-partners-celebrate-historic-agreement\/","title":{"rendered":"Polg\u00e1rmesteri, k\u00f6z\u00f6ss\u00e9g\u00e9p\u00edt\u00e9s \u00e9s csin\u00e1ljunk k\u00f6z\u00f6sen t\u00f6rt\u00e9nelmet!"},"content":{"rendered":"\n<p><\/p>\n\n\n<p>Tegy\u00fcnk Egy\u00fctt Varosunk\u00e9rt, Kerepes\u00e9rt!\u00a0<\/p>\n<p>Egy v\u00e1rosk\u00f6zpont v\u00edzi\u00f3ja. De nem a Szilasi nagy r\u00e9ten, amit a kerepesiek r\u00e9gen csak &#8222;S\u00f3s v\u00edz&#8221; n\u00e9ven emlegettek \u00e9s ismertek. Nem, mert a r\u00e9t maradjon r\u00e9t \u00e9s szabadid\u0151park. Megv\u00e1laszt\u00e1sunk eset\u00e9n kiz\u00e1r\u00f3lag termeszt k\u00f6zeli felhaszn\u00e1l\u00e1s elfogadott r\u00e9sz\u00fcnkr\u0151l. Betondzsungel sz\u00f3ba sem j\u00f6het. Csak k\u00f6zpark \u00e9s szabadid\u0151park.<br \/>Viszont\u00a0 Templom utca templommal \u00e1tellenes oldal\u00e1n a v\u00edzmos\u00e1s mellett egy megfelel\u0151 rendezv\u00e9ny t\u00e9r \u00e9s parkol\u00f3 kialak\u00edt\u00e1st prefer\u00e1ln\u00e1nk amit el\u0151z\u0151en a lakos\u00e1ggal egyeztetve tudunk csak elk\u00e9pzelni.<br \/>Ide ker\u00fclhetne a V\u00e1rosh\u00e1za \u00e9s a k\u00f6nyvt\u00e1r, benne tov\u00e1bbi \u00fczletek \u00e9s szolg\u00e1ltat\u00e1sok illetve egy az egyh\u00e1zzal tervezhet\u0151 k\u00f6z\u00f6ss\u00e9gi t\u00e9r, amire k\u00f6z\u00f6sen p\u00e1ly\u00e1zna a v\u00e1ros.\u00a0\u00a0<br \/>Terveink le\u00edr\u00e1sa:\u00a0\u00a0<\/p>\n<div class=\"group\/conversation-turn relative flex w-full min-w-0 flex-col agent-turn\">\n<div class=\"flex-col gap-1 md:gap-3\">\n<div class=\"flex flex-grow flex-col max-w-full\">\n<div class=\"min-h-[20px] text-message flex flex-col items-start whitespace-pre-wrap break-words [.text-message+&amp;]:mt-5 juice:w-full juice:items-end overflow-x-auto gap-2\" dir=\"auto\" data-message-author-role=\"assistant\" data-message-id=\"834078d7-c3ae-45c1-844e-d308dfd42173\">\n<div class=\"flex w-full flex-col gap-1 juice:empty:hidden juice:first:pt-[3px]\">\n<div class=\"markdown prose w-full break-words dark:prose-invert light\">\n<h3>V\u00e1rosh\u00e1za Le\u00edr\u00e1sa \u00e9s Javasolt Terve:<\/h3>\n<p><strong>Elhelyezked\u00e9s:<\/strong><\/p>\n<ul>\n<li>Kerepes, Szabads\u00e1g \u00fat \u00e9s Templom utca keresztez\u0151d\u00e9s\u00e9n\u00e9l, a templommal szemben.<\/li>\n<li>GPS koordin\u00e1t\u00e1k: 47\u00b033&#8217;45.3&#8243;N 19\u00b017&#8217;18.1&#8243;E<\/li>\n<\/ul>\n<p><strong>\u00c9p\u00fclet St\u00edlusa:<\/strong><\/p>\n<ul>\n<li>Modern, mez\u0151v\u00e1rosias st\u00edlus.<\/li>\n<li>K\u00e9t szintes \u00e9p\u00fclet tet\u0151t\u00e9rrel.<\/li>\n<\/ul>\n<p><strong>Anyagok:<\/strong><\/p>\n<ul>\n<li>Feh\u00e9r, letisztult homlokzat.<\/li>\n<li>Nagy ablakok, hogy term\u00e9szetes f\u00e9nyt engedjenek be.<\/li>\n<li>\u00dcveg fel\u00fcletek, de nem t\u00fal sok.<\/li>\n<\/ul>\n<p><strong>Bej\u00e1rat \u00e9s K\u00fcls\u0151 T\u00e9r:<\/strong><\/p>\n<ul>\n<li>Bolt\u00edves bej\u00e1rat a f\u0151\u00fatr\u00f3l (Szabads\u00e1g \u00fat).<\/li>\n<li>Bels\u0151 udvar \u00fczletekkel, ahol k\u00f6nyvt\u00e1r, orvosi szolg\u00e1ltat\u00e1sok \u00e9s m\u00e1s szolg\u00e1ltat\u00e1sok kapnak helyet.<\/li>\n<\/ul>\n<p><strong>K\u00f6rnyezet:<\/strong><\/p>\n<ul>\n<li>A ter\u00fclet t\u00e9rk\u00f6vezett parkol\u00f3val \u00e9s rendezv\u00e9nyt\u00e9rrel rendelkezik.<\/li>\n<li>Szabadt\u00e9ri sz\u00ednpad a rendezv\u00e9nyek sz\u00e1m\u00e1ra.<\/li>\n<\/ul>\n<p><strong>Elrendez\u00e9s:<\/strong><\/p>\n<ul>\n<li>Az \u00e9p\u00fclet h\u00e1romsz\u00f6g alak\u00fa, hogy illeszkedjen a k\u00e9t \u00fat \u00e1ltal hat\u00e1rolt ter\u00fclethez.<\/li>\n<li>Az udvar k\u00f6zponti r\u00e9sze nyitott, k\u00f6r\u00fcl\u00f6tte \u00fczletek \u00e9s szolg\u00e1ltat\u00e1sok.<\/li>\n<\/ul>\n<p><strong>Funkci\u00f3k:<\/strong><\/p>\n<ul>\n<li>Als\u00f3 szint: k\u00f6nyvt\u00e1r, orvosi rendel\u0151, egy\u00e9b szolg\u00e1ltat\u00e1sok.<\/li>\n<li>Fels\u0151 szint: irod\u00e1k \u00e9s k\u00f6z\u00f6ss\u00e9gi terek.<\/li>\n<li>Tet\u0151t\u00e9r: tov\u00e1bbi irod\u00e1k vagy t\u00e1rol\u00f3helyis\u00e9gek.<\/li>\n<\/ul>\n<p><strong>Sz\u00ednek \u00e9s St\u00edlus:<\/strong><\/p>\n<ul>\n<li>Domin\u00e1ns feh\u00e9r sz\u00edn, tiszta \u00e9s modern megjelen\u00e9s.<\/li>\n<li>\u00dcveg fel\u00fcletek, hogy a bels\u0151 terek vil\u00e1gosak \u00e9s bar\u00e1ts\u00e1gosak legyenek.<\/li>\n<li>Nagy ablakok k\u00f6rben, hogy a term\u00e9szetes f\u00e9ny bejusson.<\/li>\n<\/ul>\n<h3>Vizualiz\u00e1ci\u00f3 \u00e9s Tov\u00e1bbi Javaslatok:<\/h3>\n<p>Ezen alapelvek ment\u00e9n egy \u00e9p\u00edt\u00e9szeti l\u00e1tv\u00e1nyterv k\u00e9sz\u00edthet\u0151, ami r\u00e9szletesen bemutatja az \u00e9p\u00fclet elrendez\u00e9s\u00e9t, st\u00edlus\u00e1t \u00e9s funkci\u00f3it.\u00a0\u00a0<\/p>\n<\/div>\n<\/div>\n<\/div>\n<\/div>\n<\/div>\n<\/div>","protected":false},"excerpt":{"rendered":"<p>Tegy\u00fcnk Egy\u00fctt Varosunk\u00e9rt, Kerepes\u00e9rt!\u00a0 Egy v\u00e1rosk\u00f6zpont v\u00edzi\u00f3ja. De nem a Szilasi nagy r\u00e9ten, amit a kerepesiek r\u00e9gen csak &#8222;S\u00f3s v\u00edz&#8221; n\u00e9ven emlegettek \u00e9s ismertek. Nem, mert a r\u00e9t maradjon r\u00e9t \u00e9s szabadid\u0151park. Megv\u00e1laszt\u00e1sunk eset\u00e9n kiz\u00e1r\u00f3lag termeszt k\u00f6zeli felhaszn\u00e1l\u00e1s elfogadott r\u00e9sz\u00fcnkr\u0151l. Betondzsungel sz\u00f3ba sem j\u00f6het. Csak k\u00f6zpark \u00e9s szabadid\u0151park.Viszont\u00a0 Templom utca templommal \u00e1tellenes oldal\u00e1n a v\u00edzmos\u00e1s mellett egy megfelel\u0151 rendezv\u00e9ny t\u00e9r&hellip;<\/p>\n","protected":false},"author":1,"featured_media":3130,"comment_status":"open","ping_status":"open","sticky":true,"template":"","format":"standard","meta":{"give_campaign_id":0,"footnotes":""},"categories":[4,17,5,6,3,1,2],"tags":[10],"class_list":["post-31","post","type-post","status-publish","format-standard","has-post-thumbnail","hentry","category-city-events","category-important","category-campaign-news","category-daily-news","category-politics-environment","category-uncategorized","category-about-the-city","tag-donation"],"_links":{"self":[{"href":"https:\/\/kerepes.eu\/springer\/wp-json\/wp\/v2\/posts\/31","targetHints":{"allow":["GET"]}}],"collection":[{"href":"https:\/\/kerepes.eu\/springer\/wp-json\/wp\/v2\/posts"}],"about":[{"href":"https:\/\/kerepes.eu\/springer\/wp-json\/wp\/v2\/types\/post"}],"author":[{"embeddable":true,"href":"https:\/\/kerepes.eu\/springer\/wp-json\/wp\/v2\/users\/1"}],"replies":[{"embeddable":true,"href":"https:\/\/kerepes.eu\/springer\/wp-json\/wp\/v2\/comments?post=31"}],"version-history":[{"count":5,"href":"https:\/\/kerepes.eu\/springer\/wp-json\/wp\/v2\/posts\/31\/revisions"}],"predecessor-version":[{"id":3132,"href":"https:\/\/kerepes.eu\/springer\/wp-json\/wp\/v2\/posts\/31\/revisions\/3132"}],"wp:featuredmedia":[{"embeddable":true,"href":"https:\/\/kerepes.eu\/springer\/wp-json\/wp\/v2\/media\/3130"}],"wp:attachment":[{"href":"https:\/\/kerepes.eu\/springer\/wp-json\/wp\/v2\/media?parent=31"}],"wp:term":[{"taxonomy":"category","embeddable":true,"href":"https:\/\/kerepes.eu\/springer\/wp-json\/wp\/v2\/categories?post=31"},{"taxonomy":"post_tag","embeddable":true,"href":"https:\/\/kerepes.eu\/springer\/wp-json\/wp\/v2\/tags?post=31"}],"curies":[{"name":"wp","href":"https:\/\/api.w.org\/{rel}","templated":true}]}}