{"id":49,"date":"2024-05-01T13:47:00","date_gmt":"2024-05-01T13:47:00","guid":{"rendered":"https:\/\/kerepes.eu\/springer\/?p=49"},"modified":"2024-06-03T05:52:10","modified_gmt":"2024-06-03T05:52:10","slug":"how-to-fix-our-economy","status":"publish","type":"post","link":"https:\/\/kerepes.eu\/springer\/2024\/05\/01\/how-to-fix-our-economy\/","title":{"rendered":"Hogy stabiliz\u00e1ljuk majd a gazdas\u00e1got"},"content":{"rendered":"<p><strong>Gazdas\u00e1g:<\/p>\n<p><\/strong><\/p>\n<p><strong>Ad\u00f3k cs\u00f6kkent\u00e9se \u2013 Ad\u00f3kedvezm\u00e9ny<\/strong><\/p>\n<p>A lakoss\u00e1gi kommun\u00e1lis ad\u00f3 \u00e9vi 18.000 Ft-os \u00f6sszeg\u00e9t meg kell vizsg\u00e1lni, \u00e9s ha lehets\u00e9ges, cs\u00f6kkenteni kell. Els\u0151 l\u00e9p\u00e9sk\u00e9nt lehetne ott, ahol a lakosok kooper\u00e1lnak az \u00f6nkorm\u00e1nyzattal. P\u00e9ld\u00e1ul, ha a v\u00edzlevezet\u00e9st a telk\u00fck\u00f6n \u00e1tengedik, vagy kamer\u00e1t engednek ki\u00e9p\u00edteni ingatlanukon, amit az \u00f6nkorm\u00e1nyzat fel\u00fcgyel, ilyen k\u00f6zc\u00e9l\u00fa esetekben.<\/p>\n<p>Emellett t\u00f6bb r\u00e9szletben is lehet\u0151v\u00e9 kell tenni a befizet\u00e9st, \u00e9s tov\u00e1bbi kedvezm\u00e9nyt adni azoknak, akik \u00f6nk\u00e9nt r\u00e9szt v\u00e1llalnak lak\u00f3ter\u00fclet\u00fck gondoz\u00e1s\u00e1ban, tisztas\u00e1g\u00e1nak fenntart\u00e1s\u00e1ban, saj\u00e1t utc\u00e1juk fel\u00faj\u00edt\u00e1s\u00e1ban, j\u00e1rd\u00e1k \u00e9p\u00edt\u00e9s\u00e9ben. \u00daj ad\u00f3 nem ker\u00fcl bevezet\u00e9sre, a r\u00e9giek cs\u00f6kkent\u00e9s\u00e9t, a kommun\u00e1lis ad\u00f3 t\u00e1vlati megsz\u00fcntet\u00e9s\u00e9t tervezz\u00fck, de ez csak a hivatal teljes gazd\u00e1lkod\u00e1s\u00e1nak \u00e1ttekint\u00e9se, valamint a jelenlegi \u00e9s k\u00e9s\u0151bbi esetleges szerz\u0151d\u00e9sekb\u0151l ad\u00f3d\u00f3 k\u00f6telezetts\u00e9gek ismeret\u00e9ben lehets\u00e9ges.<\/p>\n<p>Addig is a kommun\u00e1lis ad\u00f3k bev\u00e9tel\u00e9t m\u0171k\u00f6d\u00e9sre, rendezv\u00e9nyekre, szobrokra k\u00f6lteni tilos! Csak \u00fat, j\u00e1rda, k\u00f6zm\u0171 \u00e9s k\u00f6zvil\u00e1g\u00edt\u00e1s fejleszt\u00e9sre ford\u00edthat\u00f3. Minden ad\u00f3nemet elk\u00fcl\u00f6n\u00edtetten kell kezelni, \u00e9s nem mehetnek a k\u00f6z\u00f6sbe.<\/p>\n<h3>A v\u00e1llalkoz\u00f3k t\u00e1mogat\u00e1sa:<\/h3>\n<p>Ha mi is elv\u00e1rjuk az \u0151 ad\u00f3jukat, nek\u00fcnk is tenni kell \u00e9rt\u00fck. A helyi p\u00e1ly\u00e1zatokr\u00f3l els\u0151k\u00e9nt \u0151ket kell \u00e9rtes\u00edteni. A helyi ipar\u0171z\u00e9si ad\u00f3 2%-\u00e1nak t\u00e1vlati teljes vagy 50%-os elenged\u00e9se az \u00faj \u00e9s \u00fajonnan Kerepesen bejelentett v\u00e1llalkoz\u00e1sok r\u00e9sz\u00e9re is megfontoland\u00f3. Ugyanakkor ez rossz f\u00e9nyt vethet a jelenlegi ad\u00f3fizet\u0151k meg\u00edt\u00e9l\u00e9s\u00e9ben, de vissza kell cs\u00e1b\u00edtani azokat, akik elvitt\u00e9k innen a v\u00e1llalkoz\u00e1saikat, mert \u00f6sszevesztek a kor\u00e1bbi vezet\u00e9ssel, vagy b\u00e1rmely m\u00e1s okb\u00f3l. Ezzel egyben az ad\u00f3jukat is elvitt\u00e9k Kerepesr\u0151l.<\/p>\n<p>Sz\u00e1mos esetben ide k\u00f6lt\u00f6z\u00f6tt v\u00e1llalkoz\u00f3k a r\u00e9gi c\u00edm\u00fck\u00f6n vezetik v\u00e1llalkoz\u00e1sukat, ami m\u00e1r k\u00f6zben esetleg Kerepesen van. T\u00e1mogat\u00e1s esetleg, a m\u00e1sodik \u00e9vben m\u00e9g csak 1,5%, majd a 3. \u00e9vt\u0151l lehet 2%. Tov\u00e1bbi kedvezm\u00e9nyek tervbe v\u00e9tele a val\u00f3s helyzet megismer\u00e9se ut\u00e1n m\u00e9g lehets\u00e9ges. Fontos, hogy abb\u00f3l adjunk \u00faj kedvezm\u00e9nyt, amink eddig nem is volt!<\/p>\n<p>Lehet\u0151s\u00e9g van kiemelt sportl\u00e9tes\u00edtm\u00e9ny beruh\u00e1z\u00e1s\u00e1nak t\u00e1mogat\u00e1s\u00e1ra haz\u00e1nkban, ez\u00e9rt a helyi \u00e9s nem helyi v\u00e1llalkoz\u00f3k ad\u00f3juk ezen sportc\u00e9l\u00fa felhaszn\u00e1l\u00e1s\u00e1r\u00f3l d\u00f6nthetnek. Ennek lehet\u0151s\u00e9g\u00e9t kivizsg\u00e1lva, felhaszn\u00e1lva eme p\u00e9nzeket a kerepesi sport c\u00e9lj\u00e1ra ir\u00e1ny\u00edthatjuk (ilyen volt a sportp\u00e1lya \u00e9p\u00edt\u00e9s, amihez mi is nem csek\u00e9ly m\u00e9rt\u00e9kben hozz\u00e1j\u00e1rultunk, 65.000.000 Ft-tal stb.). A r\u00e9gebbi, itt l\u00e9tes\u00edtett v\u00e1llalkoz\u00e1sok t\u00e1mogat\u00e1sa lehets\u00e9ges ak\u00e1r jogi seg\u00edts\u00e9ggel, \u00e9s a Kerepesi V\u00e1llalkoz\u00f3k Egyes\u00fclet\u00e9vel kapcsolatot felt\u00e9ve, a helyi emberek tud\u00e1s\u00e1t, szak\u00e9rtelm\u00e9t kihaszn\u00e1lva.<\/p>\n<p><em><strong>Fontos, hogy itt abb\u00f3l adn\u00e1nk \u00faj kedvezm\u00e9nyt, amink nek\u00fcnk eddig nem is volt!<\/p>\n<p><\/strong><\/em>Teh\u00e1t ez nem cs\u00f6kkenti a bev\u00e9teleinket, viszont egy k\u00e9t \u00e9ven bel\u00fcl ak\u00e1r a dupl\u00e1j\u00e1ra n\u00f6velhetj\u00fck azt.<\/p>\n<h3>Beruh\u00e1z\u00e1sok idecs\u00e1b\u00edt\u00e1sa ak\u00e1r k\u00fclf\u00f6ldr\u0151l is:<\/h3>\n<p>A n\u00e9met, szlov\u00e1k, erd\u00e9lyi \u00e9s cseh kapcsolatok kihaszn\u00e1l\u00e1s\u00e1val rem\u00e9lj\u00fck, hogy olyan v\u00e1llalkoz\u00e1s \u00e9rkezhet t\u00e9rs\u00e9g\u00fcnkbe, mely ak\u00e1r jelent\u0151s munkaad\u00f3k\u00e9nt \u00e9s munkahelyteremt\u0151k\u00e9nt is megjelenhet, az ipar\u0171z\u00e9si ad\u00f3bev\u00e9telr\u0151l nem is besz\u00e9lve. Ez\u00e9rt tenni kell.<\/p>\n<h3>Ipari ter\u00fcletek:<\/h3>\n<p>Ipari ter\u00fcletek haszn\u00e1latba v\u00e9tele, infrastrukt\u00fara fejleszt\u00e9se, ami vonz\u00f3v\u00e1 teszi a helyet az \u00e9rdekl\u0151d\u0151 v\u00e1llalkoz\u00f3k sz\u00e1m\u00e1ra. A szoci\u00e1lis f\u00f6ldmunkaprogram beind\u00edt\u00e1sa Kerepesen.<\/p>\n<h3>Munkahelyteremt\u00e9s:<\/h3>\n<p>A munkahelyteremt\u00e9s els\u0151dlegesen korm\u00e1nyzati feladat, de hiszem \u00e9s vallom, hogy helyben is sokat tehet\u00fcnk a lakosaink meg\u00e9lhet\u00e9s\u00e9nek jav\u00edt\u00e1s\u00e1\u00e9rt. Megengedhetetlen, hogy a 40 milli\u00f3s g\u00e9pparkkal n\u00e9h\u00e1ny \u00e9ve kistaf\u00edrozott \u00f6nkorm\u00e1nyzati tulajdon\u00fa Kft. \u00f6sszesen 4 alkalmazottat foglalkoztasson, \u00e9s szinte csak a szemetet szedegess\u00e9k az \u00e1rokparton!<\/p>\n<p>A Kft. nagyon nagy lehet\u0151s\u00e9get ad sz\u00e1munkra, amit nem haszn\u00e1lt ki a vezet\u00e9s. Ez\u00e9rt mi \u00faj alapokra helyezz\u00fck azt. G\u00e9ppark \u00e9s l\u00e9tsz\u00e1m n\u00f6veked\u00e9s elengedhetetlen, \u00e9s ehhez p\u00e9nz kell. A \u201emib\u0151l\u201d k\u00e9rd\u00e9sre a v\u00e1lasz, hogy 160.000.000 Ft a r\u00e1nk hagyott kor\u00e1bbi b\u00fcntet\u00e9s a rekultiv\u00e1ci\u00f3 k\u00f6lts\u00e9ge. Ezt nem adjuk idegen k\u00e9zbe, ezt a 100%-ban tulajdon\u00fa Kft. v\u00e9gzi majd el, mert az rendelkezett kor\u00e1bban is hullad\u00e9kgazd\u00e1lkod\u00e1si enged\u00e9llyel. Ez\u00e9rt ez a p\u00e9nz nem idegent gazdag\u00edt majd, hanem a saj\u00e1t c\u00e9g\u00fcnket.<\/p>\n<p>Eml\u00e9kezz\u00fcnk vissza, hogy n\u00e9h\u00e1ny \u00e9ve a Mez\u0151 utca fel\u00faj\u00edt\u00e1s\u00e1n\u00e1l az \u00f6sszes f\u00f6ld- \u00e9s al\u00e9p\u00edtm\u00e9nyi munk\u00e1kat, a szeg\u00e9lyk\u00f6vez\u00e9st a saj\u00e1t dolgoz\u00f3k v\u00e9gezt\u00e9k el, \u00e9s csak a v\u00e9gs\u0151 aszfaltr\u00e9teg kivitelez\u00e9s\u00e9hez vett\u00fcnk ig\u00e9nybe alv\u00e1llalkoz\u00f3t. \u00dajra fel kell b\u0151v\u00edteni a l\u00e9tsz\u00e1mot, \u00e9s minden kivitelez\u00e9si munk\u00e1t lehet\u0151leg saj\u00e1t dolgoz\u00f3kkal kell elv\u00e9gezni. A megfelel\u0151, \u00f6nkorm\u00e1nyzat tulajdon\u00e1ban l\u00e9v\u0151, vagy b\u00e9relt f\u00f6ldter\u00fcleteken gazd\u00e1lkod\u00e1st kell kezdeni. Ezzel egyr\u00e9szt \u00e9rtelmes feladatot tudunk adni a k\u00f6zmunk\u00e1soknak, m\u00e1sr\u00e9szt munkalehet\u0151s\u00e9geket biztos\u00edtunk a k\u00e9pzetts\u00e9ggel nem rendelkez\u0151 munkan\u00e9lk\u00fclieknek.<\/p>\n<p>Sz\u00e1mtalan telep\u00fcl\u00e9sen bizony\u00edtott\u00e1k be, hogy saj\u00e1t \u00e9s p\u00e1ly\u00e1zati er\u0151forr\u00e1sokb\u00f3l mindez megval\u00f3s\u00edthat\u00f3. A megtermelt eg\u00e9szs\u00e9ges \u00e9lelmiszereket az iskol\u00e1kban, \u00f3vod\u00e1kban, b\u00f6lcs\u0151d\u00e9ben fogjuk felhaszn\u00e1lni. Mintakerteket hozunk l\u00e9tre. Fontos eszk\u00f6z lehet, ha \u00f6nkorm\u00e1nyzati p\u00e1ly\u00e1zatokn\u00e1l el\u0151nyben r\u00e9szes\u00fclnek (plusz pontot kapnak) azok, akik helyi munkan\u00e9lk\u00fclieket vagy cs\u00f6kkent, illetve megv\u00e1ltozott munkak\u00e9pess\u00e9g\u0171eket alkalmaznak a munka elv\u00e9gz\u00e9s\u00e9re. Vagy ak\u00e1r legyen p\u00e1ly\u00e1zati felt\u00e9tel a helyi munkaer\u0151 alv\u00e1llalkoz\u00f3 ig\u00e9nybev\u00e9tele.<\/p>\n<p><strong><\/p>\n<p>A helyi ad\u00f3k:<\/strong> Ad\u00f3k cs\u00f6kkent\u00e9se \u2013 Ad\u00f3kedvezm\u00e9ny ?<\/p>\n<p>A lakoss\u00e1gi kommun\u00e1lis ad\u00f3 \u00e9vi 18.000,- Ft-os \u00f6sszeg\u00e9t meg kell vizsg\u00e1lni \u00e9s ha lehet, cs\u00f6kkenteni kell.\u00a0 Els\u0151 l\u00e9p\u00e9sk\u00e9nt lehetne ott ahol a lakosok kooper\u00e1lnak az \u00d6nkorm\u00e1nyzattal. P\u00e9ld\u00e1ul a v\u00edzlevezet\u00e9st a telk\u00fck\u00f6n \u00e1tengedik, kamer\u00e1t engednek ki\u00e9p\u00edteni ingatlanukon amit az \u00f6nkorm\u00e1nyzat fel\u00fcgyel \u00e9s ilyen k\u00f6zc\u00e9l\u00fa esetekben.<\/p>\n<p>De m\u00e9g t\u00f6bb r\u00e9szletben lenne befizethet\u0151, mint eddig, \u00e9s ebb\u0151l tov\u00e1bbi kedvezm\u00e9ny adhat\u00f3 azoknak, akik \u00f6nk\u00e9nt r\u00e9szt v\u00e1llalnak lak\u00f3ter\u00fclet\u00fck gondoz\u00e1sa, tisztas\u00e1ga, saj\u00e1t utc\u00e1ja fel\u00faj\u00edt\u00e1s\u00e1nak, j\u00e1rd\u00e1inak \u00e9p\u00edt\u00e9se ter\u00e9n. \u00daj ad\u00f3 nem ker\u00fcl bevezet\u00e9sre, a r\u00e9giek cs\u00f6kkent\u00e9s\u00e9t a kommun\u00e1lis ad\u00f3 t\u00e1vlati megsz\u00fcntet\u00e9s\u00e9t tervezz\u00fck, \u00e1m annak lehet\u0151s\u00e9ge csak a hivatal teljes gazd\u00e1lkod\u00e1s\u00e1nak \u00e1ttekint\u00e9se \u00e9s a jelenlegi \u00e9s k\u00e9s\u0151bbi esetleges szerz\u0151d\u00e9sekb\u0151l ad\u00f3d\u00f3 k\u00f6telezetts\u00e9gek ismeret\u00e9ben lehets\u00e9ges.<\/p>\n<p><strong>Addig is a kommun\u00e1lis ad\u00f3k bev\u00e9tel\u00e9t m\u0171k\u00f6d\u00e9sre, rendezv\u00e9nyekre, szobrokra k\u00f6lteni tilos!<\/strong><br \/>\nCsak \u00fat, j\u00e1rda, k\u00f6zm\u0171 \u00e9s k\u00f6zvil\u00e1g\u00edt\u00e1s fejleszt\u00e9sre ford\u00edthat\u00f3. Elk\u00fcl\u00f6n\u00edtett keret minden ad\u00f3nem \u00e9s nem mehet a k\u00f6z\u00f6sbe.<\/p>\n<p><strong><em>A v\u00e1llalkoz\u00f3k t\u00e1mogat\u00e1sa:\u00a0<\/em><\/strong><br \/>\nHa mi is elv\u00e1rjuk az \u0151 ad\u00f3j\u00e1t nek\u00fcnk is tenni kell \u00e9rt\u00fck., A helyi p\u00e1ly\u00e1zatokr\u00f3l els\u0151k\u00e9nt \u0151ket kell \u00e9rtes\u00edteni.<br \/>\nA helyi ipar\u0171z\u00e9si ad\u00f3 2%-\u00e1nak t\u00e1vlatilag a teljes vagy 50%-os\u00a0 elenged\u00e9se az \u00faj \u00e9s \u00fajonnan Kerepesen bejelentett v\u00e1llalkoz\u00e1sok r\u00e9sz\u00e9re is megfontoland\u00f3. Ugyan ez rossz f\u00e9nyt vethet tal\u00e1n a jelenlegi ad\u00f3fizet\u0151ink meg\u00edt\u00e9l\u00e9sben, de vissza kell cs\u00e1b\u00edtani azokat akik elvitt\u00e9k innen a v\u00e1llalkoz\u00e1saikat mert \u00f6sszevesztek a kor\u00e1bbi vezet\u00e9ssel, vagy b\u00e1rmely m\u00e1s okb\u00f3l. Ezzel egyben az ad\u00f3jukat is elvitt\u00e9k Kerepesr\u0151l.<\/p>\n<p>Sz\u00e1mos esetben viszont ide k\u00f6lt\u00f6zk\u00f6d\u00f6tt v\u00e1llalkozok a r\u00e9gi c\u00edm\u00fck\u00f6n vezetik v\u00e1llalkoz\u00e1sukat ami m\u00e1r esetleg k\u00f6zben Kerepesen van. T\u00e1mogat\u00e1s esetleg, a m\u00e1sodik \u00e9vben is m\u00e9g csak 1,5%, majd a 3. \u00e9vt\u0151l lehet majd 2 %. Tov\u00e1bbi kedvezm\u00e9nyek tervbe v\u00e9tele a val\u00f3s helyzet megismer\u00e9se ut\u00e1n m\u00e9g lehets\u00e9ges.<br \/>\n<em><strong>Fontos, hogy abb\u00f3l adn\u00e1nk \u00faj kedvezm\u00e9nyt, amink nek\u00fcnk eddig nem is volt!<\/strong><\/em><\/p>\n<p>Lehet\u0151s\u00e9g van kiemelt sportl\u00e9tes\u00edtm\u00e9ny beruh\u00e1z\u00e1s\u00e1nak t\u00e1mogat\u00e1s\u00e1ra haz\u00e1nkban, ez\u00e9rt a helyi \u00e9s a nem helyi v\u00e1llalkoz\u00f3k ad\u00f3juk ezen sport c\u00e9l\u00fa felhaszn\u00e1l\u00e1s\u00e1r\u00f3l d\u00f6nthetnek. Ennek lehet\u0151s\u00e9g\u00e9t kivizsg\u00e1lva, felhaszn\u00e1lva, eme p\u00e9nzeket a kerepesi sport c\u00e9lj\u00e1ra ir\u00e1ny\u00edthatjuk. (Ilyen volt a sportp\u00e1lya \u00e9p\u00edt\u00e9s amihez mi is nem csek\u00e9ly m\u00e9rt\u00e9kben hozz\u00e1j\u00e1rultunk. 65.000.000.- Forinttal stb.) \u00a0A r\u00e9gebbi, itt l\u00e9tes\u00edtett v\u00e1llalkoz\u00e1sok t\u00e1mogat\u00e1sa lehets\u00e9ges ak\u00e1r jogi seg\u00edts\u00e9ggel, \u00e9s a Kerepesi V\u00e1llalkoz\u00f3k Egyes\u00fclet\u00e9vel kapcsolatot felt\u00e9ve, a helyi emberek tud\u00e1s\u00e1t, szak\u00e9rtelm\u00e9t kihaszn\u00e1lva.<\/p>\n<p>Beruh\u00e1z\u00e1sok ide cs\u00e1b\u00edt\u00e1sa ak\u00e1r k\u00fclf\u00f6ldr\u0151l is. A N\u00e9met &#8211; Szlov\u00e1k -Erd\u00e9lyi \u00e9s Cseh- kapcsolatok kihaszn\u00e1l\u00e1s\u00e1val, de rem\u00e9lj\u00fck, hogy olyan v\u00e1llalkoz\u00e1s \u00e9rkezhet t\u00e9rs\u00e9g\u00fcnkbe, mely ak\u00e1r jelent\u0151s munkaad\u00f3k\u00e9nt \u00e9s munkahely teremt\u0151k\u00e9nt is megjelenhet, az ipar\u0171z\u00e9si ad\u00f3bev\u00e9telr\u0151l nem is besz\u00e9lve. Ez\u00e9rt tenni kell.<\/p>\n<p>Ipari ter\u00fcletek: Ipari ter\u00fcletek haszn\u00e1latba v\u00e9tele, infrastrukt\u00fara fejleszt\u00e9se, ami vonz\u00f3v\u00e1 teszi a helyet az \u00e9rdekl\u0151d\u0151 v\u00e1llalkoz\u00f3k sz\u00e1m\u00e1ra. A szoci\u00e1lis f\u00f6ldmunkaprogram beind\u00edt\u00e1sa Kerepesen.<\/p>\n<p><strong>A munkahelyteremt\u00e9s:<br \/>\n<\/strong>A munkahelyteremt\u00e9s els\u0151dlegesen korm\u00e1nyzati feladat, de hiszem \u00e9s vallom, hogy helyben is sokat tehet\u00fcnk a lakosaink meg\u00e9lhet\u00e9s\u00e9nek jav\u00edt\u00e1s\u00e1\u00e9rt. Megengedhetetlen, hogy a 40 milli\u00f3s g\u00e9pparkkal n\u00e9h\u00e1ny \u00e9ve kistaf\u00edrozott \u00f6nkorm\u00e1nyzati tulajdon\u00fa KFT \u00f6sszesen 4 alkalmazottat foglalkoztasson \u00e9s szinte csak a szemetet szedegess\u00e9k az \u00e1rokparton!<\/p>\n<p>A KFT nagyon nagy lehet\u0151s\u00e9get ad sz\u00e1munkra amit nem haszn\u00e1lt ki a vezet\u00e9s. Ez\u00e9rt mi \u00faj alapokra helyezz\u00fck azt. G\u00e9ppark \u00e9s l\u00e9tsz\u00e1m n\u00f6veked\u00e9s elengedhetetlen \u00e9s ehhez p\u00e9nz kell.<br \/>\nA mib\u0151l k\u00e9rd\u00e9sre a v\u00e1lasz hogy 160.000.000.-Ft a r\u00e1nk hagyott kor\u00e1bbi b\u00fcntet\u00e9s a rekultiv\u00e1ci\u00f3 k\u00f6lts\u00e9ge. Ezt nem adjuk idegen k\u00e9zbe, ezt a 100% tulajdon\u00fa Kft v\u00e9gzi majd el, mert az rendelkezett kor\u00e1bban is hullad\u00e9kgazd\u00e1lkod\u00e1si enged\u00e9llyel. Ez\u00e9rt ez a p\u00e9nz nem idegent gazdag\u00edt majd, hanem a saj\u00e1t c\u00e9g\u00fcnket<br \/>\nEml\u00e9kezz\u00fcnk vissza, hogy n\u00e9h\u00e1ny \u00e9ve a Mez\u0151 utca fel\u00faj\u00edt\u00e1s\u00e1n\u00e1l az \u00f6sszes f\u00f6ld \u00e9s al\u00e9p\u00edtm\u00e9nyi munk\u00e1kat, a szeg\u00e9lyk\u00f6vez\u00e9st a saj\u00e1t dolgoz\u00f3k v\u00e9gezt\u00e9k el, \u00e9s csak a v\u00e9gs\u0151 aszfaltr\u00e9teg kivitelez\u00e9s\u00e9hez vett\u00fcnk ig\u00e9nybe alv\u00e1llalkoz\u00f3t. \u00dajra fel kell b\u0151v\u00edteni a l\u00e9tsz\u00e1mot \u00e9s minden kivitelez\u00e9si munk\u00e1t lehet\u0151leg saj\u00e1t dolgoz\u00f3kkal kell elv\u00e9gezni. A megfelel\u0151, \u00f6nkorm\u00e1nyzat tulajdon\u00e1ban l\u00e9v\u0151, vagy b\u00e9relt f\u00f6ldter\u00fcleteken gazd\u00e1lkod\u00e1st kell kezdeni. Ezzel egyr\u00e9szt \u00e9rtelmes feladatot tudunk adni a k\u00f6zmunk\u00e1soknak, m\u00e1sr\u00e9szt munkalehet\u0151s\u00e9geket fogunk biztos\u00edtani a k\u00e9pzetts\u00e9ggel nem rendelkez\u0151 munkan\u00e9lk\u00fclieknek.<\/p>\n<p>Sz\u00e1mtalan telep\u00fcl\u00e9sen bizony\u00edtott\u00e1k be, hogy saj\u00e1t \u00e9s p\u00e1ly\u00e1zati er\u0151forr\u00e1sokb\u00f3l mindez megval\u00f3s\u00edthat\u00f3. A megtermelt eg\u00e9szs\u00e9ges \u00e9lelmiszereket az iskol\u00e1ban, \u00f3vod\u00e1kban, b\u00f6lcs\u0151d\u00e9ben fogjuk felhaszn\u00e1lni. Mintakerteket hozunk l\u00e9tre. Fontos eszk\u00f6z lehet, ha \u00f6nkorm\u00e1nyzati p\u00e1ly\u00e1zatokn\u00e1l el\u0151nyben r\u00e9szes\u00fclnek (plusz pontot kapnak) akik helyi munkan\u00e9lk\u00fclieket vagy cs\u00f6kkent illetve megv\u00e1ltozott\u00a0 munkak\u00e9pess\u00e9g\u0171eket alkalmaznak a munka elv\u00e9gz\u00e9s\u00e9re. Vagy ak\u00e1r legyen p\u00e1ly\u00e1zati felt\u00e9tel helyi munkaer\u0151 alv\u00e1llalkoz\u00f3 ig\u00e9nybev\u00e9tele.<\/p>\n","protected":false},"excerpt":{"rendered":"<p>Amir\u0151l mindig sz\u00f3 van: A p\u00e9nz \u00e9s a mib\u0151l? Nos erre p\u00e1r v\u00e1lasz csak, de a teljess\u00e9g ig\u00e9nye n\u00e9lk\u00fcl.<\/p>\n","protected":false},"author":1,"featured_media":2868,"comment_status":"open","ping_status":"open","sticky":false,"template":"","format":"standard","meta":{"give_campaign_id":0,"footnotes":""},"categories":[5,3,1],"tags":[8],"class_list":["post-49","post","type-post","status-publish","format-standard","has-post-thumbnail","hentry","category-campaign-news","category-politics-environment","category-uncategorized","tag-program"],"_links":{"self":[{"href":"https:\/\/kerepes.eu\/springer\/wp-json\/wp\/v2\/posts\/49","targetHints":{"allow":["GET"]}}],"collection":[{"href":"https:\/\/kerepes.eu\/springer\/wp-json\/wp\/v2\/posts"}],"about":[{"href":"https:\/\/kerepes.eu\/springer\/wp-json\/wp\/v2\/types\/post"}],"author":[{"embeddable":true,"href":"https:\/\/kerepes.eu\/springer\/wp-json\/wp\/v2\/users\/1"}],"replies":[{"embeddable":true,"href":"https:\/\/kerepes.eu\/springer\/wp-json\/wp\/v2\/comments?post=49"}],"version-history":[{"count":5,"href":"https:\/\/kerepes.eu\/springer\/wp-json\/wp\/v2\/posts\/49\/revisions"}],"predecessor-version":[{"id":3189,"href":"https:\/\/kerepes.eu\/springer\/wp-json\/wp\/v2\/posts\/49\/revisions\/3189"}],"wp:featuredmedia":[{"embeddable":true,"href":"https:\/\/kerepes.eu\/springer\/wp-json\/wp\/v2\/media\/2868"}],"wp:attachment":[{"href":"https:\/\/kerepes.eu\/springer\/wp-json\/wp\/v2\/media?parent=49"}],"wp:term":[{"taxonomy":"category","embeddable":true,"href":"https:\/\/kerepes.eu\/springer\/wp-json\/wp\/v2\/categories?post=49"},{"taxonomy":"post_tag","embeddable":true,"href":"https:\/\/kerepes.eu\/springer\/wp-json\/wp\/v2\/tags?post=49"}],"curies":[{"name":"wp","href":"https:\/\/api.w.org\/{rel}","templated":true}]}}