{"id":62,"date":"2017-11-22T14:09:34","date_gmt":"2017-11-22T14:09:34","guid":{"rendered":"https:\/\/kerepes.eu\/springer\/?p=62"},"modified":"2024-05-07T15:12:41","modified_gmt":"2024-05-07T15:12:41","slug":"city-proclaims-reuse-day","status":"publish","type":"post","link":"https:\/\/kerepes.eu\/springer\/2017\/11\/22\/city-proclaims-reuse-day\/","title":{"rendered":"Engedje meg, hogy bemutatkozzunk"},"content":{"rendered":"\n<h6 class=\"wp-block-heading\"><\/h6>\n\n\n\n<h2 class=\"wp-block-heading\">\u00dcdv\u00f6z\u00f6lj\u00fck az oldalunkon!<br><br><br>Kerepes specifikus kih\u00edv\u00e1sainak \u00e9s lehet\u0151s\u00e9geinek figyelembev\u00e9tele mellett dolgozhatunk ki egy r\u00e9szletesebb tervezetet. Fontos az iskol\u00e1k, \u00f3vod\u00e1k \u00e9s egy\u00e9b oktat\u00e1si int\u00e9zm\u00e9nyek eszk\u00f6zell\u00e1totts\u00e1g\u00e1nak, valamint az infrastruktur\u00e1lis fejleszt\u00e9seknek a jav\u00edt\u00e1sa \u00e9s b\u0151v\u00edt\u00e9se. <br><br><\/h2>\n\n\n\n<p>A terveink alapj\u00e1n Kerepesen sz\u00e1mos fontos fejleszt\u00e9st tervez\u00fcnk, amelyek hat\u00e9konyan v\u00e1laszolnak a telep\u00fcl\u00e9s egyedi kih\u00edv\u00e1saira \u00e9s lehet\u0151s\u00e9geire.<\/p>\n\n\n\n<p>A postahivatal b\u00e1r nem Kerepes\u00e9 de sz\u00e1mos gondot okoz f\u0151leg Szilasi telep\u00fcl\u00e9sr\u00e9szen. Nemcsak a k\u00f6zleked\u00e9si \u00e9s szolg\u00e1ltat\u00e1si infrastrukt\u00fara optimaliz\u00e1l\u00e1sa kell, hanem a v\u00e1rosk\u00e9p jav\u00edt\u00e1sa is, p\u00e9ld\u00e1ul ter\u00fcletrendez\u00e9s \u00e9s parkos\u00edt\u00e1s r\u00e9v\u00e9n a Szilasi r\u00e9ten \u00e9s egy\u00e9b k\u00f6z\u00f6ss\u00e9gi terek lehet\u0151s\u00e9g\u00e9t keress\u00fck. <\/p>\n\n\n\n<p>Az utak fel\u00faj\u00edt\u00e1sa \u00e9s a megl\u00e9v\u0151 k\u00f6z\u00f6ss\u00e9gi terek karbantart\u00e1sa \u00e9s fejleszt\u00e9se azt mutatja majd, hogy a telep\u00fcl\u00e9svezet\u00e9s elk\u00f6telezett a lakosok k\u00e9nyelm\u00e9nek \u00e9s biztons\u00e1g\u00e1nak n\u00f6vel\u00e9se mellett.<\/p>\n\n\n\n<p>A telekommunik\u00e1ci\u00f3s \u00e9s digit\u00e1lis infrastrukt\u00fara fejleszt\u00e9se, p\u00e9ld\u00e1ul egy \u00faj \u00e9s \u00e9l\u0151 telep\u00fcl\u00e9si honlap \u00e9s a k\u00f6z\u00f6ss\u00e9gi m\u00e9dia platformok, lehet\u0151v\u00e9 teszi a lakosok sz\u00e1m\u00e1ra, hogy k\u00f6nnyen hozz\u00e1f\u00e9rjenek a legfontosabb inform\u00e1ci\u00f3khoz \u00e9s esem\u00e9nyekhez. Ingyen WIFI v\u00e1rosszerte. <\/p>\n\n\n\n<p>Az ifj\u00fas\u00e1g \u00e9s a v\u00e1llalkoz\u00e1sfejleszt\u00e9s ter\u00e9n tett int\u00e9zked\u00e9seid seg\u00edtenek abban, hogy Kerepes vonz\u00f3bb helly\u00e9 v\u00e1ljon a fiatalok \u00e9s a v\u00e1llalkoz\u00f3k sz\u00e1m\u00e1ra. A v\u00e1llalkoz\u00e1sbar\u00e1t k\u00f6rnyezet kialak\u00edt\u00e1sa \u00e9s a munkahelyteremt\u0151 kezdem\u00e9nyez\u00e9sek r\u00e9v\u00e9n a telep\u00fcl\u00e9s gazdas\u00e1ga \u00e9l\u00e9nk\u00fclhet \u00e9s \u00faj lehet\u0151s\u00e9geket k\u00edn\u00e1lhat a lakosoknak.<\/p>\n\n\n\n<p>Ezek a tervek \u00f6sszess\u00e9g\u00e9ben hozz\u00e1j\u00e1rulhatnak Kerepes fejl\u0151d\u00e9s\u00e9hez \u00e9s a lakosok \u00e9letmin\u0151s\u00e9g\u00e9nek jav\u00edt\u00e1s\u00e1hoz. Fontos, hogy a k\u00f6z\u00f6ss\u00e9g akt\u00edvan r\u00e9szt vegyen ezeknek a terveknek a megval\u00f3s\u00edt\u00e1s\u00e1ban \u00e9s t\u00e1mogassa a helyi vezet\u00e9st az elk\u00f6telezetts\u00e9g\u00fckben.<\/p>\n\n\n\n<h2 class=\"wp-block-heading\"><br><br>P\u00e9ld\u00e1ul:<\/h2>\n\n\n\n<ol class=\"wp-block-list\">\n<li><strong>Iskol\u00e1k \u00e9s \u00f3vod\u00e1k fejleszt\u00e9se:<\/strong><\/li>\n<\/ol>\n\n\n\n<ul class=\"wp-block-list\">\n<li>Az iskol\u00e1kban \u00e9s \u00f3vod\u00e1kban a modern eszk\u00f6z\u00f6k \u00e9s tanul\u00e1si k\u00f6rnyezet biztos\u00edt\u00e1sa \u00e9rdek\u00e9ben tervezhet\u00fcnk eszk\u00f6zbeszerz\u00e9seket \u00e9s karbantart\u00e1si munk\u00e1kat.<\/li>\n\n\n\n<li>A mindennapos testnevel\u00e9s \u00f3r\u00e1k helysz\u00edn\u00e9nek megteremt\u00e9se \u00e9rdek\u00e9ben fontol\u00f3ra vehet\u00fcnk egy \u00faj tornaterem \u00e9p\u00edt\u00e9s\u00e9t vagy megl\u00e9v\u0151 tornatermek fel\u00faj\u00edt\u00e1s\u00e1t.<\/li>\n<\/ul>\n\n\n\n<ol class=\"wp-block-list\">\n<li><strong>Feln\u0151ttoktat\u00e1s:<\/strong><\/li>\n<\/ol>\n\n\n\n<ul class=\"wp-block-list\">\n<li>Helyben t\u00f6rt\u00e9n\u0151 k\u00e9pz\u00e9sek biztos\u00edt\u00e1sa a lakoss\u00e1g ig\u00e9nyei alapj\u00e1n, p\u00e9ld\u00e1ul jogos\u00edtv\u00e1ny-szerz\u00e9s, idegen nyelv oktat\u00e1s, sz\u00e1m\u00edt\u00f3g\u00e9pkezel\u00e9s \u00e9s k\u00fcl\u00f6nf\u00e9le OKJ-s tanfolyamokat is k\u00edv\u00e1nunk t\u00e1mogatni. <\/li>\n\n\n\n<li>Partners\u00e9gek kialak\u00edt\u00e1sa a helyi oktat\u00e1si int\u00e9zm\u00e9nyekkel \u00e9s v\u00e1llalkoz\u00e1sokkal a k\u00e9pz\u00e9sek sz\u00e9lesk\u00f6r\u0171 el\u00e9r\u00e9s\u00e9\u00e9rt.<\/li>\n<\/ul>\n\n\n\n<ol class=\"wp-block-list\">\n<li><strong>\u00d6nkorm\u00e1nyzati hivatal:<\/strong><\/li>\n<\/ol>\n\n\n\n<ul class=\"wp-block-list\">\n<li>Az \u00f6nkorm\u00e1nyzati hivatal moderniz\u00e1l\u00e1sa \u00e9s az elektronikus \u00fcgyint\u00e9z\u00e9s kiterjeszt\u00e9se a lakoss\u00e1g kiszolg\u00e1l\u00e1sa \u00e9s a hat\u00e9kony m\u0171k\u00f6d\u00e9s \u00e9rdek\u00e9ben.<\/li>\n\n\n\n<li>Az \u00f6nkorm\u00e1nyzati ter\u00fcleten \u00e9l\u0151 lakosok naprak\u00e9sz t\u00e1j\u00e9koztat\u00e1sa az \u00faj szolg\u00e1ltat\u00e1sokr\u00f3l \u00e9s lehet\u0151s\u00e9gekr\u0151l.<\/li>\n<\/ul>\n\n\n\n<ol class=\"wp-block-list\">\n<li><strong>Kult\u00fara, m\u0171vel\u0151d\u00e9s \u00e9s sport:<\/strong><\/li>\n<\/ol>\n\n\n\n<ul class=\"wp-block-list\">\n<li>K\u00f6z\u00f6ss\u00e9gi h\u00e1z l\u00e9trehoz\u00e1sa vagy fel\u00faj\u00edt\u00e1sa, amely sz\u00e1mos programnak, klubfoglalkoz\u00e1snak \u00e9s rendezv\u00e9nynek adhat helyet.<\/li>\n\n\n\n<li>T\u00e1mogat\u00e1s \u00e9s \u00f6szt\u00f6nz\u00e9s az amat\u0151r m\u0171v\u00e9szeti csoportoknak, zenekaroknak \u00e9s m\u00e1s kultur\u00e1lis kezdem\u00e9nyez\u00e9seknek.<\/li>\n\n\n\n<li>Sportcentrum l\u00e9trehoz\u00e1sa vagy fejleszt\u00e9se, amely sz\u00e1mos sporttev\u00e9kenys\u00e9gnek \u00e9s rendezv\u00e9nynek adhat otthont.<\/li>\n<\/ul>\n\n\n\n<ol class=\"wp-block-list\">\n<li><strong>K\u00f6rnyezetv\u00e9delem:<\/strong><\/li>\n<\/ol>\n\n\n\n<ul class=\"wp-block-list\">\n<li>T\u00e1jv\u00e9delmi programok kidolgoz\u00e1sa \u00e9s v\u00e9grehajt\u00e1sa a telep\u00fcl\u00e9s term\u00e9szeti \u00e9rt\u00e9keinek meg\u0151rz\u00e9se \u00e9rdek\u00e9ben.<\/li>\n\n\n\n<li>Szem\u00e9tgy\u0171jt\u00e9si \u00e9s hullad\u00e9kkezel\u00e9si programok bevezet\u00e9se az illeg\u00e1lis szem\u00e9tlerak\u00e1sok megel\u0151z\u00e9se \u00e9s a k\u00f6rnyezetszennyez\u00e9s cs\u00f6kkent\u00e9se \u00e9rdek\u00e9ben.<\/li>\n<\/ul>\n\n\n\n<p>Ezek csak n\u00e9h\u00e1ny javasolt l\u00e9p\u00e9s lehetnek a Kerepesen val\u00f3 helyi fejleszt\u00e9sek ter\u00e9n. Fontos azonban a helyi k\u00f6z\u00f6ss\u00e9g bevon\u00e1sa \u00e9s a helyi ig\u00e9nyek figyelembev\u00e9tele a tervez\u00e9s \u00e9s v\u00e9grehajt\u00e1s sor\u00e1n.<br><br>A b\u00f6lcs\u0151de adta lehet\u0151s\u00e9gre az \u00f6nkorm\u00e1nyzati konyha fejleszt\u00e9se \u00e9s ak\u00e1r korszer\u0171s\u00edt\u00e9se is ami a helyi \u00e9tkez\u00e9s\u00e9t lehet\u0151v\u00e9 teheti az iskol\u00e1ban \u00e9s a s csal\u00e1dseg\u00edt\u0151n\u00e9l illetve az int\u00e9zm\u00e9nyi dolgoz\u00f3k r\u00e9sz\u00e9re is. , belter\u00fcleti utak fel\u00faj\u00edt\u00e1sa, telep\u00fcl\u00e9srendez\u00e9si terv fel\u00fclvizsg\u00e1lata, \u00faj utca nyit\u00e1sa \u00e9s k\u00fclter\u00fcleti utak j\u00e1rhat\u00f3s\u00e1g\u00e1nak biztos\u00edt\u00e1sa is fontos terveink k\u00f6z\u00f6tt szerepelnek.<\/p>\n\n\n\n<p><strong>A telekommunik\u00e1ci\u00f3s<\/strong> ter\u00fcleten a Kerepes R\u00e1di\u00f3  \u00e9s a helyi TV m\u0171k\u00f6dtet\u00e9se honlap \u00fczemeltet\u00e9se kiemelt fontoss\u00e1g\u00fa. Ezek a kezdem\u00e9nyez\u00e9sek seg\u00edtenek a lakoss\u00e1gnak k\u00f6nnyen hozz\u00e1f\u00e9rni a legfontosabb inform\u00e1ci\u00f3khoz. <br><br><strong>Az ifj\u00fas\u00e1g ter\u00e9n <\/strong>az egyh\u00e1zak akt\u00edv r\u00e9szv\u00e9tel\u00e9vel tervez\u00fcnk k\u00f6z\u00f6ss\u00e9gi t\u00e9r biztos\u00edt\u00e1s\u00e1t \u00e9s t\u00e1mogat\u00e1st a fiatalok sz\u00e1m\u00e1ra, valamint a fels\u0151oktat\u00e1sban tanul\u00f3k \u00e9s szoci\u00e1lisan r\u00e1szorul\u00f3k Bursa Hungarica \u00f6szt\u00f6nd\u00edj\u00e1nak t\u00e1mogat\u00e1s\u00e1t.<\/p>\n\n\n\n<p><strong>Az idegenforgalom<\/strong> ter\u00e9n az arculat \u00e9s k\u00fcllem jav\u00edt\u00e1sa \u00e9rdek\u00e9ben k\u00fcl\u00f6nb\u00f6z\u0151 fejleszt\u00e9seket tervez\u00fcnk, p\u00e9ld\u00e1ul t\u00e1jba ill\u0151 buszv\u00e1r\u00f3 pavilonok kialak\u00edt\u00e1s\u00e1t \u00e9s \u00fajabb k\u00f6zter\u00fcletek parkos\u00edt\u00e1s\u00e1t.<\/p>\n\n\n\n<p>A<strong> v\u00e1llalkoz\u00e1sfejleszt\u00e9s <\/strong>ter\u00e9n kiemelt figyelmet ford\u00edtunk a munkahelyteremt\u00e9sre \u00e9s a v\u00e1llalkoz\u00f3bar\u00e1t k\u00f6rnyezet kialak\u00edt\u00e1s\u00e1ra, valamint helyi v\u00e1llalkoz\u00e1sok t\u00e1mogat\u00e1s\u00e1ra a p\u00e1ly\u00e1zati forr\u00e1sok el\u00e9r\u00e9s\u00e9ben.<br>Helyi v\u00e1llalkoz\u00e1sok t\u00e1mogat\u00e1sa, illetve iparipark teljes \u00fajra gondol\u00e1sa \u00e9s fejleszt\u00e9se. <\/p>\n\n\n\n<p>A <strong>vagyongazd\u00e1lkod\u00e1s<\/strong> ter\u00e9n t\u00f6bbek k\u00f6z\u00f6tt \u00fajra m\u00e9rj\u00fck \u00e9s kim\u00e9rj\u00fck a ter\u00fcleteinket, saj\u00e1t f\u00f6ldek felm\u00e9r\u00e9se, az utak\u00e9 \u00e9s sz\u00e1nt\u00f3ink\u00e9, de telkek v\u00e1s\u00e1rl\u00e1s\u00e1rra is ford\u00edtunk forr\u00e1st.<\/p>\n\n\n\n<p>Ezek a tervek \u00e9s fejleszt\u00e9sek hozz\u00e1j\u00e1rulhatnak Kerepes fejl\u0151d\u00e9s\u00e9hez \u00e9s a lakosok \u00e9letmin\u0151s\u00e9g\u00e9nek jav\u00edt\u00e1s\u00e1hoz. Fontos, hogy a k\u00f6z\u00f6ss\u00e9g akt\u00edvan r\u00e9szt vegyen ezeknek a terveknek a megval\u00f3s\u00edt\u00e1s\u00e1ban \u00e9s t\u00e1mogassa az \u00f6nkorm\u00e1nyzat elk\u00f6telezetts\u00e9g\u00e9t.<br>Hogy mib\u0151l mindezt? A beruh\u00e1z\u00e1sok \u00e9s fejleszt\u00e9sek gazdas\u00e1gi oldalunkon ezt is kifejtj\u00fck. <\/p>\n","protected":false},"excerpt":{"rendered":"<p>\u00dcdv\u00f6z\u00f6lj\u00fck az oldalunkon! Kerepes specifikus kih\u00edv\u00e1sainak \u00e9s lehet\u0151s\u00e9geinek figyelembev\u00e9tele mellett dolgozhatunk ki egy r\u00e9szletesebb tervezetet. Fontos az iskol\u00e1k, \u00f3vod\u00e1k \u00e9s egy\u00e9b oktat\u00e1si int\u00e9zm\u00e9nyek eszk\u00f6zell\u00e1totts\u00e1g\u00e1nak, valamint az infrastruktur\u00e1lis fejleszt\u00e9seknek a jav\u00edt\u00e1sa \u00e9s b\u0151v\u00edt\u00e9se. A terveink alapj\u00e1n Kerepesen sz\u00e1mos fontos fejleszt\u00e9st tervez\u00fcnk, amelyek hat\u00e9konyan v\u00e1laszolnak a telep\u00fcl\u00e9s egyedi kih\u00edv\u00e1saira \u00e9s lehet\u0151s\u00e9geire. A postahivatal b\u00e1r nem Kerepes\u00e9 de sz\u00e1mos gondot okoz f\u0151leg Szilasi&hellip;<\/p>\n","protected":false},"author":1,"featured_media":2156,"comment_status":"open","ping_status":"open","sticky":false,"template":"","format":"standard","meta":{"give_campaign_id":0,"footnotes":""},"categories":[5,3],"tags":[9,12],"class_list":["post-62","post","type-post","status-publish","format-standard","has-post-thumbnail","hentry","category-campaign-news","category-politics-environment","tag-city","tag-volunteer"],"_links":{"self":[{"href":"https:\/\/kerepes.eu\/springer\/wp-json\/wp\/v2\/posts\/62","targetHints":{"allow":["GET"]}}],"collection":[{"href":"https:\/\/kerepes.eu\/springer\/wp-json\/wp\/v2\/posts"}],"about":[{"href":"https:\/\/kerepes.eu\/springer\/wp-json\/wp\/v2\/types\/post"}],"author":[{"embeddable":true,"href":"https:\/\/kerepes.eu\/springer\/wp-json\/wp\/v2\/users\/1"}],"replies":[{"embeddable":true,"href":"https:\/\/kerepes.eu\/springer\/wp-json\/wp\/v2\/comments?post=62"}],"version-history":[{"count":5,"href":"https:\/\/kerepes.eu\/springer\/wp-json\/wp\/v2\/posts\/62\/revisions"}],"predecessor-version":[{"id":2579,"href":"https:\/\/kerepes.eu\/springer\/wp-json\/wp\/v2\/posts\/62\/revisions\/2579"}],"wp:featuredmedia":[{"embeddable":true,"href":"https:\/\/kerepes.eu\/springer\/wp-json\/wp\/v2\/media\/2156"}],"wp:attachment":[{"href":"https:\/\/kerepes.eu\/springer\/wp-json\/wp\/v2\/media?parent=62"}],"wp:term":[{"taxonomy":"category","embeddable":true,"href":"https:\/\/kerepes.eu\/springer\/wp-json\/wp\/v2\/categories?post=62"},{"taxonomy":"post_tag","embeddable":true,"href":"https:\/\/kerepes.eu\/springer\/wp-json\/wp\/v2\/tags?post=62"}],"curies":[{"name":"wp","href":"https:\/\/api.w.org\/{rel}","templated":true}]}}