{"id":74,"date":"2017-11-22T14:12:04","date_gmt":"2017-11-22T14:12:04","guid":{"rendered":"https:\/\/kerepes.eu\/springer\/?p=74"},"modified":"2024-05-14T17:16:45","modified_gmt":"2024-05-14T17:16:45","slug":"education-costs-shouldnt-be-a-barrier-to-self-improvement","status":"publish","type":"post","link":"https:\/\/kerepes.eu\/springer\/2017\/11\/22\/education-costs-shouldnt-be-a-barrier-to-self-improvement\/","title":{"rendered":"Szoci\u00e1lis program, munka\u00fcgy, turisztika \u00e9s m\u00e1s"},"content":{"rendered":"<p><br \/><\/p>\n<figure class=\"wp-block-image size-large\"><img loading=\"lazy\" decoding=\"async\" width=\"500\" height=\"321\" class=\"wp-image-2725\" src=\"https:\/\/kerepes.eu\/springer\/wp-content\/uploads\/2024\/05\/SC1057-Mar.-20-18.52.jpg\" alt=\"\" srcset=\"https:\/\/kerepes.eu\/springer\/wp-content\/uploads\/2024\/05\/SC1057-Mar.-20-18.52.jpg 500w, https:\/\/kerepes.eu\/springer\/wp-content\/uploads\/2024\/05\/SC1057-Mar.-20-18.52-300x193.jpg 300w, https:\/\/kerepes.eu\/springer\/wp-content\/uploads\/2024\/05\/SC1057-Mar.-20-18.52-370x238.jpg 370w\" sizes=\"auto, (max-width: 500px) 100vw, 500px\" \/><\/figure>\n<p>Tal\u00e1n furcsa, ha a k\u00f6zbiztons\u00e1ghoz soroljuk a munkahely k\u00e9rd\u00e9s\u00e9t is. Pedig fontos b\u0171nmegel\u0151z\u0151 eszk\u00f6z, azokn\u00e1l a roma, vagy \u00e9pp nem roma Kerepesiekn\u00e9l, akik ak\u00e1r \u00e9vek \u00f3ta nem dolgoznak \u00e9s kiestek a munk\u00e1b\u00f3l. S\u0151t a KHT sem ad nekik munk\u00e1t, \u00e9s el\u0151bb ut\u00f3bb ak\u00e1r b\u0171n \u00fatj\u00e1ra l\u00e9phetnek vagy m\u00e1r l\u00e9ptek is.<\/p>\n<p>\u00a0<\/p>\n<p>Valljuk, hogy a dolgoz\u00f3 embernek van vesztenival\u00f3ja, minden napos elfoglalts\u00e1ga, este \u00f6r\u00fcl, ha a csal\u00e1dj\u00e1val lehet. Akit\u0151l minden rem\u00e9nyt, lehet\u0151s\u00e9get elvettek az a b\u0171n \u00fatj\u00e1ra t\u00e9vedhet. Tudom nincs annyi munkahely, amivel mindent megoldhatunk. De ha a lakoss\u00e1g, \u00fat, j\u00e1rda k\u00f6zm\u0171 \u00e9s egy\u00e9b t\u00e9ren ig\u00e9nybe veszi a KHT dolgoz\u00f3it, kiket az \u00d6nkorm\u00e1nyzat fizet \u00e9s ebb\u0151l mi is r\u00e9szt v\u00e1llalunk akkor a k\u00f6zbiztons\u00e1gunk\u00e9rt is tesz\u00fcnk legal\u00e1bb egy kis r\u00e9szt.<br \/>A munkahelyek megteremt\u00e9se nem csak \u00d6nkorm\u00e1nyzati feladat, a gazdas\u00e1g\u00e9l\u00e9nk\u00edt\u0151 \u00e1llami programok gondoskodnak err\u0151l, csak meg kell tal\u00e1lni a lehet\u0151s\u00e9get. De helyben is sokat kell tenn\u00fcnk a lakoss\u00e1gunk jobb meg\u00e9lhet\u00e9s\u00e9\u00e9rt, \u00e9letvitel\u00fcnk jav\u00edt\u00e1s\u00e1\u00e9rt.<br \/><img loading=\"lazy\" decoding=\"async\" class=\"\" src=\"https:\/\/kerepes.eu\/springer\/wp-content\/uploads\/2024\/05\/OIP-1-1.jpg\" alt=\"A k\u00e9phez tartoz\u00f3 alt jellemz\u0151 \u00fcres; OIP-1-1.jpg a f\u00e1jln\u00e9v\" width=\"347\" height=\"231\" \/><\/p>\n<p><strong>Szoci\u00e1lpolitika:<\/strong><br \/>A m\u00e9lyszeg\u00e9nys\u00e9g felsz\u00e1moland\u00f3. Seg\u00e9ly viszont csak r\u00e1szorul\u00f3knak, lehet\u0151leg munk\u00e1\u00e9rt cser\u00e9be. A tart\u00f3san munkan\u00e9lk\u00fcli sz\u00fcl\u0151k rossz mint\u00e1t adnak tov\u00e1bb a gyerekeiknek, nincs napi rutin (illetve ami van, az t\u00e1rsadalmilag nem elfogadhat\u00f3) felnevel\u0151dik a k\u00f6vetkez\u0151 b\u0171n\u00f6z\u0151jel\u00f6lt gener\u00e1ci\u00f3. Szoros egy\u00fcttm\u0171k\u00f6d\u00e9s kell a Munka\u00fcgyi Kirendelts\u00e9ggel, a helyi csal\u00e1dseg\u00edt\u0151 szolg\u00e1latokkal, c\u00e9l az 1 f\u0151\/csal\u00e1d folyamatos alkalmaz\u00e1sa. Szoci\u00e1lis vetem\u00e9nyeskert, a megtermelt anyagok feldolgoz\u00e1sa, t\u00e9lire eltev\u00e9se illetve piaci \u00e9rt\u00e9kes\u00edt\u00e9se (pl. a helyi int\u00e9zm\u00e9nyek \u00e1tveszik, felhaszn\u00e1lj\u00e1k a k\u00f6z\u00e9tkeztet\u00e9sben) jelentheti az egyik lehet\u0151s\u00e9get. Meg kell tan\u00edtanunk a p\u00e9nz kezel\u00e9s\u00e9t, beoszt\u00e1s\u00e1t, takar\u00e9koskod\u00e1st, m\u00e1r iskol\u00e1s kort\u00f3l. Munkalehet\u0151s\u00e9g lehet\u0151leg minden eg\u00e9szs\u00e9ges szoci\u00e1lisan r\u00e1szorul\u00f3nak is. Fiatalok \u00e9s r\u00e1szorultak r\u00e9sz\u00e9re b\u00e9rlak\u00e1s programot kell ind\u00edtani. A v\u00e1llalkoz\u00f3kkal a kapcsolataink kihaszn\u00e1l\u00e1sa, helybeni munkak\u00f6zvet\u00edt\u00e9ssel, melyet a hivatal koordin\u00e1lhat a csal\u00e1dseg\u00edt\u0151 bevon\u00e1s\u00e1val. A KFT ak\u00e1r b\u00e9rmunk\u00e1ra kihelyezheti dolgoz\u00f3it, a helyi v\u00e1llalkoz\u00f3kat kiseg\u00edtve, akik a j\u00f3 munkaer\u0151t megismerve el\u0151bb ut\u00f3bb \u00e1lland\u00f3 munkahelyet teremthetnek nekik. Rengeteg kapacit\u00e1s rejlik a munkan\u00e9lk\u00fcliekben, amit nem haszn\u00e1lunk ki. A seg\u00e9lyez\u00e9s ez egy dolog, de csak f\u00e1jdalomcsillap\u00edt\u00f3 \u00e9s t\u00fcnetkezel\u00e9s.<br \/><\/p>\n<figure class=\"wp-block-image size-large\"><img loading=\"lazy\" decoding=\"async\" width=\"384\" height=\"188\" class=\"wp-image-2877\" src=\"https:\/\/kerepes.eu\/springer\/wp-content\/uploads\/2024\/05\/OIP-4.jpg\" alt=\"\" srcset=\"https:\/\/kerepes.eu\/springer\/wp-content\/uploads\/2024\/05\/OIP-4.jpg 384w, https:\/\/kerepes.eu\/springer\/wp-content\/uploads\/2024\/05\/OIP-4-300x147.jpg 300w, https:\/\/kerepes.eu\/springer\/wp-content\/uploads\/2024\/05\/OIP-4-370x181.jpg 370w\" sizes=\"auto, (max-width: 384px) 100vw, 384px\" \/><\/figure>\n<p><br \/>Kr\u00edzis helyzetek kezel\u00e9se, jogi tan\u00e1csad\u00e1s azoknak, kik hozz\u00e1nk fordulnak, ha baj van. A k\u00f6zelm\u00faltban t\u00f6rt\u00e9nt szomor\u00fa csal\u00e1di dr\u00e1ma is mutatja, hogy a megkeresett hivatal seg\u00edthetett volna valamiben, tal\u00e1n elker\u00fclhet\u0151 is lett volna egy birtokv\u00e9delmi vagy m\u00e1s beavatkoz\u00e1ssal m\u00e9g ez a trag\u00e9dia is. Az emp\u00e1tia fontoss\u00e1ga a hivatal r\u00e9sz\u00e9r\u0151l elengedhetetlen. Itt nem ad\u00f3alanyok \u00e9s akta \u00fcgyfelek, hanem KEREPESI polg\u00e1rok \u00e9lnek. Ez\u00e9rt a hivatal dolgoz\u00f3i is \u00fagy kell hozz\u00e1juk \u00e1lljanak, mint lak\u00f3t\u00e1rsakhoz, m\u00e9g ha nem is ismerhet mindenki 10.000 lakost szem\u00e9lyesen<br \/><\/p>\n<figure class=\"wp-block-image size-large\"><img loading=\"lazy\" decoding=\"async\" class=\"\" src=\"https:\/\/kerepes.eu\/springer\/wp-content\/uploads\/2024\/05\/Stockphoto-gazdasag-fellendules-fel-nyil-vallalat-ceg-penzugy.jpg\" alt=\"A k\u00e9phez tartoz\u00f3 alt jellemz\u0151 \u00fcres; Stockphoto-gazdasag-fellendules-fel-nyil-vallalat-ceg-penzugy.jpg a f\u00e1jln\u00e9v\" width=\"426\" height=\"284\" \/><\/figure>\n<p><\/p>\n<p><strong>Turizmusprogramunk:<\/strong>\u00a0 A 300 \u00e9ves a leg\u00f6regebb \u00e9p\u00fclet\u00fcnk \u2013 Nepomuki szobor \u2013 Cs\u00f6rsz \u00e1rok- K\u00e1lv\u00e1ria-hegy-stb. bemutat\u00e1sa. A G\u00f6d\u00f6ll\u0151re tart\u00f3 turist\u00e1k, buszcsoportok legal\u00e1bb egy r\u00e9sz\u00e9nek ide vonz\u00e1sa. K\u00fclf\u00f6ldi kapcsolataink, testv\u00e9rtelep\u00fcl\u00e9sek r\u00e9v\u00e9n is turizmusfejleszt\u00e9s, hagyom\u00e1ny\u0151rz\u00e9s. Az \u00fcnnepek r\u00e9gi szintre emel\u00e9se: H\u00fasv\u00e9t, P\u00fcnk\u00f6sd, Szilasligeti fesztiv\u00e1l S\u00f6rfesztiv\u00e1l. A hatalmas \u00f6sszegek\u00e9rt tartott rendezv\u00e9nyekb\u0151l addig el\u00e9g, am\u00edg minden m\u00e1s fontosabb nincs megcsin\u00e1lva. Ut\u00e1na ak\u00e1r a H\u0151s\u00f6k ter\u00e9t is megval\u00f3s\u00edthatjuk makettben, de addig ink\u00e1bb csak k\u00e9peslapon. A K\u00f6rtefafesztiv\u00e1l kis p\u00e9nzb\u0151l is megoldhat\u00f3. Turista \u00fatvonal, ker\u00e9kp\u00e1r\u00fat (Budapest-G\u00f6d\u00f6ll\u0151 k\u00f6z\u00f6tt) fejleszt\u00e9se k\u00f6z\u00f6s t\u00e9rs\u00e9gi p\u00e1ly\u00e1zatokkal, turista inform\u00e1ci\u00f3s f\u00fczet kiad\u00e1sa.<\/p>\n<p>Nemzetk\u00f6zi \u00e9s hazai rendezv\u00e9nyek r\u00e9sz\u00e9re ter\u00fclet \u00e9s lehet\u0151s\u00e9gek biztos\u00edt\u00e1sa \u2013 ha kell ellenszolg\u00e1ltat\u00e1s n\u00e9lk\u00fcl vagy csek\u00e9ly bev\u00e9tel \u00e1r\u00e1n is, de t\u00e1vlatilag biztos haszonnal j\u00e1r.\u00a0<\/p>\n\n\n<figure class=\"wp-block-gallery has-nested-images columns-default is-cropped wp-block-gallery-1 is-layout-flex wp-block-gallery-is-layout-flex\">\n<figure class=\"wp-block-image size-large\"><img loading=\"lazy\" decoding=\"async\" width=\"454\" height=\"108\" data-id=\"2741\" src=\"https:\/\/kerepes.eu\/springer\/wp-content\/uploads\/2024\/05\/SC1039-Mar.-18-06.31.jpg\" alt=\"\" class=\"wp-image-2741\" srcset=\"https:\/\/kerepes.eu\/springer\/wp-content\/uploads\/2024\/05\/SC1039-Mar.-18-06.31.jpg 454w, https:\/\/kerepes.eu\/springer\/wp-content\/uploads\/2024\/05\/SC1039-Mar.-18-06.31-300x71.jpg 300w, https:\/\/kerepes.eu\/springer\/wp-content\/uploads\/2024\/05\/SC1039-Mar.-18-06.31-370x88.jpg 370w\" sizes=\"auto, (max-width: 454px) 100vw, 454px\" \/><\/figure>\n<\/figure>\n","protected":false},"excerpt":{"rendered":"<p>Tal\u00e1n furcsa, ha a k\u00f6zbiztons\u00e1ghoz soroljuk a munkahely k\u00e9rd\u00e9s\u00e9t is. Pedig fontos b\u0171nmegel\u0151z\u0151 eszk\u00f6z, azokn\u00e1l a roma, vagy \u00e9pp nem roma Kerepesiekn\u00e9l, akik ak\u00e1r \u00e9vek \u00f3ta nem dolgoznak \u00e9s kiestek a munk\u00e1b\u00f3l. S\u0151t a KHT sem ad nekik munk\u00e1t, \u00e9s el\u0151bb ut\u00f3bb ak\u00e1r b\u0171n \u00fatj\u00e1ra l\u00e9phetnek vagy m\u00e1r l\u00e9ptek is. \u00a0 Valljuk, hogy a dolgoz\u00f3 embernek van vesztenival\u00f3ja, minden napos&hellip;<\/p>\n","protected":false},"author":1,"featured_media":2740,"comment_status":"open","ping_status":"open","sticky":false,"template":"","format":"standard","meta":{"give_campaign_id":0,"footnotes":""},"categories":[3],"tags":[8,11],"class_list":["post-74","post","type-post","status-publish","format-standard","has-post-thumbnail","hentry","category-politics-environment","tag-program","tag-speeches"],"_links":{"self":[{"href":"https:\/\/kerepes.eu\/springer\/wp-json\/wp\/v2\/posts\/74","targetHints":{"allow":["GET"]}}],"collection":[{"href":"https:\/\/kerepes.eu\/springer\/wp-json\/wp\/v2\/posts"}],"about":[{"href":"https:\/\/kerepes.eu\/springer\/wp-json\/wp\/v2\/types\/post"}],"author":[{"embeddable":true,"href":"https:\/\/kerepes.eu\/springer\/wp-json\/wp\/v2\/users\/1"}],"replies":[{"embeddable":true,"href":"https:\/\/kerepes.eu\/springer\/wp-json\/wp\/v2\/comments?post=74"}],"version-history":[{"count":2,"href":"https:\/\/kerepes.eu\/springer\/wp-json\/wp\/v2\/posts\/74\/revisions"}],"predecessor-version":[{"id":2896,"href":"https:\/\/kerepes.eu\/springer\/wp-json\/wp\/v2\/posts\/74\/revisions\/2896"}],"wp:featuredmedia":[{"embeddable":true,"href":"https:\/\/kerepes.eu\/springer\/wp-json\/wp\/v2\/media\/2740"}],"wp:attachment":[{"href":"https:\/\/kerepes.eu\/springer\/wp-json\/wp\/v2\/media?parent=74"}],"wp:term":[{"taxonomy":"category","embeddable":true,"href":"https:\/\/kerepes.eu\/springer\/wp-json\/wp\/v2\/categories?post=74"},{"taxonomy":"post_tag","embeddable":true,"href":"https:\/\/kerepes.eu\/springer\/wp-json\/wp\/v2\/tags?post=74"}],"curies":[{"name":"wp","href":"https:\/\/api.w.org\/{rel}","templated":true}]}}