{"id":76,"date":"2024-05-23T20:47:26","date_gmt":"2024-05-23T20:47:26","guid":{"rendered":"https:\/\/kerepes.eu\/springer\/?p=76"},"modified":"2024-05-25T08:15:33","modified_gmt":"2024-05-25T08:15:33","slug":"protecting-the-environment-and-growing-the-economy","status":"publish","type":"post","link":"https:\/\/kerepes.eu\/springer\/2024\/05\/23\/protecting-the-environment-and-growing-the-economy\/","title":{"rendered":"Bemutatkozunk"},"content":{"rendered":"\n<figure class=\"wp-block-image size-large is-resized\"><a href=\"https:\/\/www.facebook.com\/Kerepesi\/videos\/1572631366637953\"><img loading=\"lazy\" decoding=\"async\" width=\"724\" height=\"1024\" src=\"https:\/\/kerepes.eu\/springer\/wp-content\/uploads\/2024\/04\/springer001-1_001-1-724x1024.jpg\" alt=\"\" class=\"wp-image-2283\" style=\"width:300px;height:auto\" srcset=\"https:\/\/kerepes.eu\/springer\/wp-content\/uploads\/2024\/04\/springer001-1_001-1-724x1024.jpg 724w, https:\/\/kerepes.eu\/springer\/wp-content\/uploads\/2024\/04\/springer001-1_001-1-212x300.jpg 212w, https:\/\/kerepes.eu\/springer\/wp-content\/uploads\/2024\/04\/springer001-1_001-1-768x1087.jpg 768w, https:\/\/kerepes.eu\/springer\/wp-content\/uploads\/2024\/04\/springer001-1_001-1-1085x1536.jpg 1085w, https:\/\/kerepes.eu\/springer\/wp-content\/uploads\/2024\/04\/springer001-1_001-1-1447x2048.jpg 1447w, https:\/\/kerepes.eu\/springer\/wp-content\/uploads\/2024\/04\/springer001-1_001-1-370x524.jpg 370w, https:\/\/kerepes.eu\/springer\/wp-content\/uploads\/2024\/04\/springer001-1_001-1-760x1075.jpg 760w, https:\/\/kerepes.eu\/springer\/wp-content\/uploads\/2024\/04\/springer001-1_001-1-scaled.jpg 1809w\" sizes=\"auto, (max-width: 724px) 100vw, 724px\" \/><\/a><\/figure>\n\n\n\n<figure class=\"wp-block-embed\"><div class=\"wp-block-embed__wrapper\">\nhttps:\/\/www.facebook.com\/Kerepesi\/videos\/1572631366637953\n<\/div><\/figure>\n","protected":false},"excerpt":{"rendered":"<p>K\u00f6rnyezetv\u00e9delmi \u00e9s gazdas\u00e1gi reformokkal kell \u00fajrakezden\u00fcnk. Egy jobb j\u00f6v\u0151t v\u00e1lasztunk a gyermekeinknek, sz\u00fcleinknek \u00e9s a v\u00e1rosunk lak\u00f3inak.<\/p>\n","protected":false},"author":1,"featured_media":2880,"comment_status":"open","ping_status":"open","sticky":false,"template":"","format":"video","meta":{"give_campaign_id":0,"footnotes":""},"categories":[4],"tags":[8,11],"class_list":["post-76","post","type-post","status-publish","format-video","has-post-thumbnail","hentry","category-city-events","tag-program","tag-speeches","post_format-post-format-video"],"_links":{"self":[{"href":"https:\/\/kerepes.eu\/springer\/wp-json\/wp\/v2\/posts\/76","targetHints":{"allow":["GET"]}}],"collection":[{"href":"https:\/\/kerepes.eu\/springer\/wp-json\/wp\/v2\/posts"}],"about":[{"href":"https:\/\/kerepes.eu\/springer\/wp-json\/wp\/v2\/types\/post"}],"author":[{"embeddable":true,"href":"https:\/\/kerepes.eu\/springer\/wp-json\/wp\/v2\/users\/1"}],"replies":[{"embeddable":true,"href":"https:\/\/kerepes.eu\/springer\/wp-json\/wp\/v2\/comments?post=76"}],"version-history":[{"count":2,"href":"https:\/\/kerepes.eu\/springer\/wp-json\/wp\/v2\/posts\/76\/revisions"}],"predecessor-version":[{"id":2650,"href":"https:\/\/kerepes.eu\/springer\/wp-json\/wp\/v2\/posts\/76\/revisions\/2650"}],"wp:featuredmedia":[{"embeddable":true,"href":"https:\/\/kerepes.eu\/springer\/wp-json\/wp\/v2\/media\/2880"}],"wp:attachment":[{"href":"https:\/\/kerepes.eu\/springer\/wp-json\/wp\/v2\/media?parent=76"}],"wp:term":[{"taxonomy":"category","embeddable":true,"href":"https:\/\/kerepes.eu\/springer\/wp-json\/wp\/v2\/categories?post=76"},{"taxonomy":"post_tag","embeddable":true,"href":"https:\/\/kerepes.eu\/springer\/wp-json\/wp\/v2\/tags?post=76"}],"curies":[{"name":"wp","href":"https:\/\/api.w.org\/{rel}","templated":true}]}}