{"id":78,"date":"2017-11-22T15:01:14","date_gmt":"2017-11-22T15:01:14","guid":{"rendered":"https:\/\/kerepes.eu\/springer\/?p=78"},"modified":"2024-05-11T05:44:29","modified_gmt":"2024-05-11T05:44:29","slug":"air-quality-has-improved-but-we-continue-to-advise-everyone-to-be-mindful-of-their-health","status":"publish","type":"post","link":"https:\/\/kerepes.eu\/springer\/2017\/11\/22\/air-quality-has-improved-but-we-continue-to-advise-everyone-to-be-mindful-of-their-health\/","title":{"rendered":"Szoci\u00e1lis \u00e9s eg\u00e9szs\u00e9g\u00fcgyi programunkhoz"},"content":{"rendered":"<p>\u00cdr\u00e1somban \u00e1ttekint\u00e9st szeretn\u00e9k adni a lehets\u00e9ges v\u00e1ltoztat\u00e1sokra, valamint r\u00e1 szeretn\u00e9k mutatni azokra a pontokra, melyek \u00fajragondol\u00e1sa id\u0151szer\u0171 lehet.<\/p>\n<p><strong>Megjegyzem, hogy m\u00e9g nem ismerem \u00e1tfog\u00f3an a kerepesi ell\u00e1t\u00f3 rendszer teljes bels\u0151 strukt\u00far\u00e1j\u00e1t, \u00edgy ak\u00e1r olyan inform\u00e1ci\u00f3kat is tartalmazhat az \u00edr\u00e1s, ami nem fedi a val\u00f3s\u00e1got, s\u0151t, pont az ellenkez\u0151je igaz lehet. De tov\u00e1bb gondoljuk a lehet\u0151s\u00e9geinket.<\/strong><\/p>\n<p><strong><u>Eg\u00e9szs\u00e9g\u00fcgyi alapell\u00e1t\u00e1s:<\/u><\/strong><\/p>\n<p>A helyi \u00f6nkorm\u00e1nyzatokr\u00f3l sz\u00f3l\u00f3 t\u00f6rv\u00e9ny az \u00f6nkorm\u00e1nyzatok sz\u00e1m\u00e1ra k\u00f6telez\u0151en, \u00e1lland\u00f3 feladatk\u00e9nt \u00edrja el\u0151 az eg\u00e9szs\u00e9g\u00fcgyi alapell\u00e1t\u00e1sr\u00f3l val\u00f3 gondoskod\u00e1st. Az eg\u00e9szs\u00e9g\u00fcgyr\u0151l sz\u00f3l\u00f3 t\u00f6rv\u00e9ny \u00e9rtelm\u00e9ben a telep\u00fcl\u00e9si \u00f6nkorm\u00e1nyzat az eg\u00e9szs\u00e9g\u00fcgyi alapell\u00e1t\u00e1s k\u00f6r\u00e9ben gondoskodik:<\/p>\n<ol>\n<li>a h\u00e1ziorvosi, h\u00e1zi gyermekorvosi ell\u00e1t\u00e1sr\u00f3l,<\/li>\n<li>a fogorvosi alapell\u00e1t\u00e1sr\u00f3l, <u>(\u00e9s a gyermekfog\u00e1szati ell\u00e1t\u00e1s)<\/u><\/li>\n<li>az alapell\u00e1t\u00e1shoz kapcsol\u00f3d\u00f3 \u00fcgyeleti ell\u00e1t\u00e1sr\u00f3l, amit Kistarcsa l\u00e1tott el<\/li>\n<li>a v\u00e9d\u0151n\u0151i ell\u00e1t\u00e1sr\u00f3l,<\/li>\n<li>az iskola-eg\u00e9szs\u00e9g\u00fcgyi ell\u00e1t\u00e1sr\u00f3l.<\/li>\n<\/ol>\n<p>Az \u00d6nkorm\u00e1nyzat c\u00e9lja az, hogy a szolg\u00e1ltat\u00e1sokat ig\u00e9nybevev\u0151k r\u00e9sz\u00e9re min\u0151s\u00e9gi sz\u00ednvonal\u00fa ell\u00e1t\u00e1st tudjon ny\u00fajtani, amely sor\u00e1n az al\u00e1bbiakr\u00f3l sz\u00fcks\u00e9ges gondoskodni:<\/p>\n<p>\u2013 korszer\u0171, magas technikai sz\u00ednvonal\u00fa t\u00e1rgyi felt\u00e9telek (\u00faj rendel\u0151 \u00e9s a Szilasi fel\u00faj\u00edt\u00e1sa)<\/p>\n<p>\u2013 testi \u00e9s lelki \u00e9s ment\u00e1lhigi\u00e9n\u00e9s gondoz\u00e1s el\u0151seg\u00edt\u00e9se<\/p>\n<p>\u2013 teljes nyitotts\u00e1g az ell\u00e1tottak egy\u00e9ni ig\u00e9nyeire<\/p>\n<p>Mindezen feladatokat szakmailag j\u00f3l k\u00e9pzett, az emberek ir\u00e1nt emp\u00e1ti\u00e1val, elk\u00f6telezetts\u00e9ggel b\u00edr\u00f3, r\u00f3luk nagy odaad\u00e1ssal gondoskod\u00f3 szakemberekkel l\u00e1tjuk el, akik k\u00e9pesek \u00e9s hajland\u00f3k a szakmai k\u00e9pz\u00e9seken \u00e9s tov\u00e1bbk\u00e9pz\u00e9seken folyamatosan r\u00e9szt venni.<\/p>\n<p>Tov\u00e1bbi c\u00e9l az, hogy a szem\u00e9lyes gondoskod\u00e1s \u00e9s odafigyel\u00e9s \u00e1ltal ell\u00e1tottaink j\u00f3 k\u00f6r\u00fclm\u00e9nyek k\u00f6z\u00f6tt \u00e9rezz\u00e9k magukat.<\/p>\n<p>Minden dolgoz\u00f3 felel\u0151s az\u00e9rt, hogy a saj\u00e1t feladat\u00e1t \u00fagy l\u00e1ssa el, hogy a szoci\u00e1lis \u00e9s eg\u00e9szs\u00e9g\u00fcgyi szolg\u00e1ltat\u00e1st ig\u00e9nybevev\u0151k legnagyobb el\u00e9gedetts\u00e9g\u00e9t szolg\u00e1lja.<\/p>\n<p>Szeretetteljes gondoskod\u00e1sukkal sz\u00fcks\u00e9ges megteremteni azt a b\u00e9kess\u00e9get, nyugalmat \u00e9s harm\u00f3ni\u00e1t, amely \u00e1ltal emberhez m\u00e9lt\u00f3v\u00e1 kell tenni a szoci\u00e1lis \u00e9s eg\u00e9szs\u00e9g\u00fcgyi szolg\u00e1ltat\u00e1sainkat ig\u00e9nybevev\u0151ink mindennapjait.<\/p>\n<p>A min\u0151s\u00e9gc\u00e9lok teljes\u00fcl\u00e9s\u00e9hez a vezet\u0151knek kell biztos\u00edtania a megfelel\u0151 szakembereket \u00e9s eszk\u00f6z\u00f6ket, valamint a min\u0151s\u00e9gi munkav\u00e9gz\u00e9shez sz\u00fcks\u00e9ges felt\u00e9teleket.<\/p>\n<p>A szolg\u00e1ltat\u00e1sokat \u00fagy kialak\u00edtani \u00e9s megtervezni, hogy azok megfeleljenek az ell\u00e1totti popul\u00e1ci\u00f3 sz\u00fcks\u00e9gleteinek \u00e9s a hat\u00e1lyos szakmai jogszab\u00e1lyoknak.<\/p>\n<p>Folyamatosan figyelemmel kell k\u00eds\u00e9rni a szolg\u00e1ltat\u00e1sok ny\u00fajt\u00e1s\u00e1nak teljes k\u00f6r\u0171s\u00e9g\u00e9t \u00e9s min\u0151s\u00e9g\u00e9t.<\/p>\n<p>A szolg\u00e1ltat\u00e1s sor\u00e1n a szervezeti strukt\u00far\u00e1nak megfelel\u0151en biztos\u00edtani kell a gondozottakkal \/ ell\u00e1tottakkal val\u00f3 folyamatos kapcsolatot.<\/p>\n<p><u>Az ell\u00e1tottak \/ gondozottak visszajelz\u00e9seinek fogad\u00e1s\u00e1ra, a panaszok kezel\u00e9s\u00e9re azonban sz\u00fcks\u00e9ges egy f\u00f3rumot m\u0171k\u00f6dtetni.<br \/>\n(lehet, hogy van ilyen ?\u00a0 Facebook nem a legmegfelel\u0151bb, erre az \u00f6nkorm\u00e1nyzat honlapj\u00e1n lehetne kialak\u00edtani egy k\u00fcl\u00f6n oldalt)<\/u><\/p>\n<p>A feladat t\u00f6rv\u00e9nyi k\u00f6telezetts\u00e9g alapj\u00e1n a ter\u00fcleti \u00f6nkorm\u00e1nyzat\u00e9. Az ell\u00e1t\u00e1st az \u00f6nkorm\u00e1nyzatnak, mint tulajdonosnak kell biztos\u00edtani. Az ell\u00e1t\u00e1s megszervez\u00e9se k\u00f6rzetek l\u00e9trehoz\u00e1s\u00e1val, \u00e9s azok szem\u00e9lyi-t\u00e1rgyi felt\u00e9teleinek megteremt\u00e9s\u00e9vel t\u00f6rt\u00e9nik. A k\u00f6rzetek kialakul\u00e1sa az el\u0151z\u0151 (tan\u00e1csi) rendszerb\u0151l hagyom\u00e1nyoz\u00f3dott az \u00f6nkorm\u00e1nyzatra, tekintettel a lakoss\u00e1g eloszl\u00e1s\u00e1ra. A k\u00f6rzetek kialak\u00edt\u00e1sa, k\u00f6rzethat\u00e1r m\u00f3dos\u00edt\u00e1sa az \u00f6nkorm\u00e1nyzat joga \u00e9s k\u00f6telezetts\u00e9ge, amelyet a test\u00fclet hagy j\u00f3v\u00e1. Az elm\u00falt \u00e9vekben \u00e9p\u00fclt lak\u00f3parkok, sz\u00fclet\u00e9sek, hal\u00e1loz\u00e1sok miatt megvizsg\u00e1land\u00f3 a k\u00fcl\u00f6nb\u00f6z\u0151 k\u00f6rzetek lakoss\u00e1gsz\u00e1ma \u00e9s amennyiben sz\u00fcks\u00e9ges a k\u00f6rzethat\u00e1rok m\u00f3dos\u00edt\u00e1sa.<\/p>\n<p>A h\u00e1ziorvosi rendszer funkcion\u00e1lis privatiz\u00e1ci\u00f3ja az 1992. \u00e9vi jogszab\u00e1lyi v\u00e1ltoz\u00e1sok kapcs\u00e1n kezd\u0151d\u00f6tt el. A k\u00f6rzeti orvosokat ett\u0151l kezdve h\u00e1ziorvosoknak h\u00edvjuk, a valamikori k\u00f6rzetek inn\u00e9t kezdve praxisok lettek. <u>Az \u00f6nkorm\u00e1nyzat a h\u00e1ziorvosok kezel\u00e9s\u00e9be adta a t\u00e1rgyi eszk\u00f6z\u00f6ket (g\u00e9p-, eszk\u00f6zpark b\u00fatorok).<br \/>\nA feladat ell\u00e1t\u00e1s\u00e1hoz sz\u00fcks\u00e9ges ingatlanok az \u00f6nkorm\u00e1nyzat tulajdonai maradtak.<\/u><\/p>\n<p>A helyzet roppant paradox, \u00e9s t\u00f6bb anom\u00e1li\u00e1val terhelt:<\/p>\n<ul>\n<li>A h\u00e1ziorvosok kiker\u00fcltek az alkalmazotti k\u00f6rb\u0151l, mint v\u00e1llalkoz\u00f3 h\u00e1ziorvosok szerz\u0151d\u00e9st k\u00f6t\u00f6ttek a tulajdonos \u00f6nkorm\u00e1nyzattal. <u>A tulajdonos azonban nem vagy igen ritk\u00e1n sz\u00e1moltatja be az ell\u00e1t\u00f3 praxisokat, hogy mik\u00e9nt l\u00e1tj\u00e1k el feladatukat, hogyan l\u00e1tj\u00e1k el szerz\u0151d\u00e9sben v\u00e1llalt k\u00f6telezetts\u00e9geiket. N\u00e1lunk besz\u00e1molnak az orvosok \u00e9vente legal\u00e1bb egyszer.<\/u><\/li>\n<li>A h\u00e1ziorvosok felett a szakmai-szakhat\u00f3s\u00e1gi ellen\u0151rz\u00e9st az \u00c1NTSZ gyakorolja. Megfelel\u0151 sz\u00e1m\u00fa \u00e9s felk\u00e9sz\u00fclts\u00e9g\u0171 orvos hi\u00e1ny\u00e1ban a ter\u00fcleten m\u0171k\u00f6d\u0151 h\u00e1ziorvosokat k\u00e9ri fel az ellen\u0151rz\u00e9sre, akik \u00f6nmagukat ellen\u0151rzik.<\/li>\n<li>Az \u00f6nkorm\u00e1nyzat a h\u00e1ziorvosok r\u00e9sz\u00e9re t\u00e9r\u00edt\u00e9smentesen (b\u00e9rleti d\u00edj n\u00e9lk\u00fcl) biztos\u00edtja az ell\u00e1t\u00e1shoz sz\u00fcks\u00e9ges orvosi rendel\u0151ket. Az \u00f6nkorm\u00e1nyzat szerepe ebben az ell\u00e1t\u00f3 k\u00f6rben az ingatlanok \u201ekezel\u00e9se\u201d. A sz\u00fcks\u00e9ges fel\u00faj\u00edt\u00e1sok tervez\u00e9se, tisztas\u00e1gi fest\u00e9s-m\u00e1zol\u00e1s, karbantart\u00e1s az \u00f6nkorm\u00e1nyzati k\u00f6lts\u00e9gvet\u00e9s f\u00fcggv\u00e9ny\u00e9ben. <u>A k\u00f6z\u00fczemi szolg\u00e1ltat\u00f3kkal a szerz\u0151d\u00e9sek k\u00f6t\u00e9se, a k\u00f6z\u00fczemi d\u00edjak fizet\u00e9se. A h\u00e1ziorvos a \u201eb\u00e9rlem\u00e9ny\u201d \u00e1llag\u00e1\u00e9rt felel, \u00e9s annak rezsij\u00e9t fizeti be a t\u00e9nyleges sz\u00e1ml\u00e1k alapj\u00e1n<\/u><\/li>\n<li>A k\u00f6z\u00fczemi sz\u00e1ml\u00e1k az \u00f6nkorm\u00e1nyzaton kereszt\u00fcl folynak ezt direktbe a praxisokra kell \u00edratni ezzel sem terhelni az adminisztr\u00e1ci\u00f3t.<\/li>\n<\/ul>\n<p>Az \u00f6nkorm\u00e1nyzat r\u00e9sz\u00e9r\u0151l a kialakult helyzet m\u00e9g j\u00f3l kezelhet\u0151, hiszen a h\u00e1ziorvosi rendszer m\u0171k\u00f6dik, lakoss\u00e1gi panasz, bejelent\u00e9s az ell\u00e1t\u00e1ssal kapcsolatban tulajdonk\u00e9ppen nem igaz\u00e1n \u00e9rkezik.<\/p>\n<p>Sajn\u00e1latos m\u00f3don azonban az \u00f6nkorm\u00e1nyzat az elm\u00falt \u00e9vtizedben nem ford\u00edtott kell\u0151 figyelmet a h\u00e1ziorvosi rendel\u0151k \u00e1llag meg\u00f3v\u00e1s\u00e1ra, az eszk\u00f6zpark folyamatos jav\u00edt\u00e1s\u00e1ra, cser\u00e9j\u00e9re.<\/p>\n<p>Mivel az \u00f6nkorm\u00e1nyzat kezel\u00e9s\u00e9ben \u00e1ll\u00f3 eg\u00e9szs\u00e9g\u00fcgyi \u00e9s szoci\u00e1lis ingatlanok m\u0171szaki \u00e1llapota \u00e1ltal\u00e1noss\u00e1gban k\u00f6zepesnek, vagy rossznak mondhat\u00f3, ez azt jelenti, hogy a fenntart\u00e1si feladatok minden \u00e9vben komoly r\u00e1ford\u00edt\u00e1sokat ig\u00e9nyelnek. Az ingatlanok \u00e1llapot\u00e1nak alapvet\u0151 oka, hogy a k\u00f6lts\u00e9gvet\u00e9si tervez\u00e9s dac\u00e1ra, a fenntart\u00e1shoz m\u0171szakilag indokolt, sz\u00fcks\u00e9ges \u00e9s el\u00e9gs\u00e9ges forr\u00e1sokat nem ezen int\u00e9zm\u00e9nyekre k\u00f6lt\u00f6tt\u00e9k. \u00cdgy nyilv\u00e1nval\u00f3an nem ritk\u00e1n a megel\u0151z\u0151 karbantart\u00e1si munk\u00e1k is elmaradnak, amelynek eredm\u00e9nyek\u00e9ppen az ingatlan\u00e1llom\u00e1ny m\u0171szaki \u00e1llapota folyamatosan roml\u00f3 tendenci\u00e1t mutat. Jelenleg m\u00e1r t\u00f6bb nagyobb volumen\u0171 fel\u00faj\u00edt\u00e1si munka is indokolt lenne.<\/p>\n<p>Az akad\u00e1lymentes\u00edt\u00e9s vonatkoz\u00e1s\u00e1ban elmondhat\u00f3, hogy az int\u00e9zm\u00e9nyi ingatlanok jelent\u0151s h\u00e1nyada r\u00e9gi \u00e9p\u00edt\u00e9s\u0171, \u00edgy a korszer\u0171, az akad\u00e1lymentess\u00e9gre vonatkoz\u00f3 \u00e9p\u00edt\u00e9szeti k\u00f6vetelm\u00e9nyeknek m\u00e1r nem felel meg. A T\u00f6lgyfa rendel\u0151 lehet majd az els\u0151 kiv\u00e9tel.<\/p>\n<p>Az \u00e9p\u00fclet m\u0171szaki \u00e1llapota \u00e1ltal\u00e1noss\u00e1gban rossz, elavult. A betegfektet\u0151 \u00e9s a konzult\u00e1ci\u00f3s helyis\u00e9gek hi\u00e1nya eleve problematikus. Az \u00e9p\u00fcletbe val\u00f3 bejut\u00e1s megoldott, <u>mozg\u00e1ss\u00e9r\u00fclt illemhely nem \u00fczemel.<\/u> Ennek kialak\u00edt\u00e1sa a jelenlegi adotts\u00e1gok mellett nem lehets\u00e9ges. Ezt megoldhatja a fel\u00faj\u00edt\u00e1s \u00e1t\u00e9p\u00edt\u00e9s, de a Szilasi rendel\u0151re ez m\u00e9g nem hat ki ezzel.<\/p>\n<p>\u00d6sszess\u00e9g\u00e9ben az \u00e9p\u00fcletek teljes fel\u00faj\u00edt\u00e1sa, \u00e1talak\u00edt\u00e1sa, vagy kiv\u00e1lt\u00e1sa lenne indokolt.<\/p>\n<p>A gyermek \u00e9s feln\u0151tt h\u00e1zi orvosok, k\u00f6rzeti \u00e1pol\u00f3k, v\u00e9d\u0151n\u0151k, asszisztensek m\u00e9ltatlan k\u00f6r\u00fclm\u00e9nyek k\u00f6z\u00f6tt dolgoznak, a lakoss\u00e1g balk\u00e1ni sz\u00ednvonal\u00fa rendel\u0151kben (vagy az udvaron) volt eddig k\u00e9nytelen v\u00e1rakozni.<\/p>\n<p>A g\u00e9p- \u00e9s eszk\u00f6z\u00e1llom\u00e1ny m\u0171k\u00f6d\u0151k\u00e9pess\u00e9g\u00e9nek fenntart\u00e1sa mellett az \u00e9p\u00fcletek \u00e1llagmeg\u00f3v\u00e1sa is kiemelt szerepet kell kapjon, ez\u00e9rt a rendel\u0151k m\u0171szaki \u00e9s k\u00e9szletgazd\u00e1lkod\u00e1si felm\u00e9r\u00e9se ut\u00e1n sz\u00fcks\u00e9ges elk\u00e9sz\u00edteni egy r\u00f6vid,- \u00e9s hossz\u00fa t\u00e1v\u00fa beruh\u00e1z\u00e1si \u00e9s fel\u00faj\u00edt\u00e1si \u00fctemtervet.<\/p>\n<p>Nyilv\u00e1nval\u00f3an csak hat\u00e1stanulm\u00e1ny ut\u00e1n lehet megmondani, hogy jelen rendel\u0151ink fel\u00faj\u00edt\u00e1sa vagy egy \u00faj \u00e9p\u00fcletbe val\u00f3 k\u00f6lt\u00f6ztet\u00e9s oldan\u00e1 meg a jelenlegi \u00e1ldatlan \u00e1llapotokat.<\/p>\n<p>Bizonyosan van Kerepesen olyan \u00fcresen \u00e1ll\u00f3 \u00e9p\u00fclet, amely megv\u00e1s\u00e1rolhat\u00f3, fel\u00faj\u00edthat\u00f3 ilyen c\u00e9lokra.<\/p>\n<p>Ez ut\u00f3bbi esetben a fogorvosi rendel\u0151k \u00e1tk\u00f6lt\u00f6ztet\u00e9se is sz\u00f3ba ker\u00fclhetett volna m\u00e1r r\u00e9g.<\/p>\n<p><u>Ezzel egy id\u0151ben az is megvizsg\u00e1land\u00f3, hogy amikor az \u00f6nkorm\u00e1nyzat t\u00e9r\u00edt\u00e9smentesen \u00e1tadta a h\u00e1ziorvosi praxisoknak az ell\u00e1t\u00e1shoz sz\u00fcks\u00e9ges g\u00e9p-, eszk\u00f6zparkot, akkor \u0151k v\u00e1llalt\u00e1k-e ennek fej\u00e9ben azok folyamatos karbantart\u00e1s\u00e1t \u00e9s korszer\u0171s\u00edt\u00e9s\u00e9t. Amennyiben ez megt\u00f6rt\u00e9nt, akkor ezzel az \u00f6nkorm\u00e1nyzat is jelent\u0151s forr\u00e1sokat tudott kiv\u00e1ltani, hiszen a praxisok jogszab\u00e1lyi minim\u00e1l eszk\u00f6zparkkal val\u00f3 ell\u00e1t\u00e1sa &#8211; akkoriban &#8211; praxisonk\u00e9nt ez 500.000.-Ft-ot jelentett.<\/u><\/p>\n<p>A F\u0151v\u00e1rosban m\u00e1r t\u00f6bb helyen megval\u00f3sult a ker\u00fclet h\u00e1ziorvosainak \u00e9s a ter\u00fcletileg illet\u00e9kes k\u00f3rh\u00e1znak az informatikai kapcsolata. A h\u00e1ziorvosi praxisokban l\u00e9v\u0151 sz\u00e1m\u00edt\u00f3g\u00e9p \u00fagy m\u0171k\u00f6dik, mint egy k\u00f3rh\u00e1zi termin\u00e1l, a beteg vizsg\u00e1latai on-line m\u00f3don k\u00e9rhet\u0151k, az eredm\u00e9nyek pedig informatikai kapcsolat \u00fatj\u00e1n ker\u00fclnek vissza a h\u00e1ziorvoshoz. El\u0151nye a beteg utak optimaliz\u00e1l\u00e1sa, nyomon k\u00f6vethet\u0151s\u00e9ge, a pap\u00edr alap\u00fa inform\u00e1ci\u00f3 \u00e1raml\u00e1s leegyszer\u0171s\u00edt\u00e9se. Nem v\u00e9sz el adat. A v\u00e1rakoz\u00e1si id\u0151k lecs\u00f6kkenthet\u0151k, a sz\u00e1m\u00edt\u00f3g\u00e9pes betegel\u0151jegyz\u00e9s a k\u00f3rh\u00e1zi rendel\u00e9sekre, ambulanci\u00e1kra megval\u00f3s\u00edthat\u00f3.<\/p>\n<p>Jelenlegi az informatikai rendszerek f\u0151 felhaszn\u00e1l\u00e1si ter\u00fclete az NEAK-kal (Nemzeti Eg\u00e9szs\u00e9gbiztos\u00edt\u00e1si Alapkezel\u0151) t\u00f6rt\u00e9n\u0151 on-line kapcsolattart\u00e1s, a TAJ sz\u00e1m autoriz\u00e1ci\u00f3, mely a napi munk\u00e1ban k\u00f6telez\u0151 feladatelemet t\u00e1mogatja.<\/p>\n<p>\u00c9vente\/f\u00e9l\u00e9vente sz\u00fcks\u00e9ges az \u00f6nkorm\u00e1nyzat \u00e1ltal kor\u00e1bban is megsszervezett &#8222;Eg\u00e9szs\u00e9g nap&#8221; tart\u00e1sa, sz\u0171r\u0151vizsg\u00e1latok szervez\u00e9se. Megval\u00f3s\u00edt\u00e1sa csak a Fl\u00f3r Ferenc K\u00f3rh\u00e1zzal \u00e9s a k\u00f6rny\u00e9kbeli eg\u00e9szs\u00e9g\u00fcgyi v\u00e1llalkoz\u00f3k (szem\u00e9sz, orthopedus, stb.) seg\u00edts\u00e9g\u00e9vel lehets\u00e9ges. Az ilyen rendezv\u00e9nyeken t\u00f6rt\u00e9n\u0151 sz\u0171r\u0151vizsg\u00e1latok, a r\u00e9sztvev\u0151k, valamint a lakoss\u00e1g egyes kor, nem vagy egyes kock\u00e1zati t\u00e9nyez\u0151k \u00e1ltal meghat\u00e1rozott vesz\u00e9lyeztetett csoportjainak sz\u0171r\u00e9s\u00e9re, illetve egyes n\u00e9pbetegs\u00e9gek felder\u00edt\u00e9s\u00e9re ir\u00e1nyulnak (v\u00e9rcukorszint, v\u00e9rnyom\u00e1s, BMI, koleszterin ellen\u0151rz\u00e9s, stb.).<\/p>\n<p>Ezen t\u00falmen\u0151en sz\u00fcks\u00e9ges a t\u00e9r\u00edt\u00e9smentes eg\u00e9szs\u00e9gmeg\u0151rz\u0151 programokhoz val\u00f3 hozz\u00e1jut\u00e1s t\u00e1mogat\u00e1sa amibe a kapcsol\u00f3d\u00f3 t\u00e1rsszervek is bekapcsol\u00f3dhatn\u00e1nak ak\u00e1r felk\u00e9rt elad\u00f3k\u00e9nt, ak\u00e1r hallgat\u00f3s\u00e1gk\u00e9nt.<\/p>\n<p>A \u201ej\u00f3\u201d, vagy a \u201ehelyes\u201d eg\u00e9szs\u00e9g magatart\u00e1s elsaj\u00e1t\u00edt\u00e1sa nem jelent felt\u00e9tlen \u00f6r\u00f6mtelen, nehezen megoldhat\u00f3, szenved\u00e9sekkel tark\u00edtott tanul\u00e1si folyamatot. S\u0151t! Az esetek egy r\u00e9sz\u00e9ben azonnali, m\u00e1s esetekben hosszabb t\u00e1von bizony\u00edtott a megt\u00e9r\u00fcl\u00e9se. A j\u00f3 hangulatban elt\u00f6lt\u00f6tt id\u0151, kellemes, bar\u00e1ti t\u00e1rsas\u00e1gban v\u00e9gzett gyakorlatok, a m\u00e9rhet\u0151 \u00e9s l\u00e1that\u00f3 eredm\u00e9nyek seg\u00edtenek abban, hogy az eg\u00e9szs\u00e9ges legyen a term\u00e9szetes.<\/p>\n<p>A pozit\u00edv viszonyul\u00e1s \u00e9rdek\u00e9ben a j\u00f3 programok \u00e9lnek az \u00e9rzelmi r\u00e1hat\u00e1s eszk\u00f6zeivel, ami nagyon fontos a szok\u00e1sok befoly\u00e1sol\u00e1sa \u00e9rdek\u00e9ben.<\/p>\n<p><u>Fog\u00e1szi alapell\u00e1t\u00e1s<\/u><\/p>\n<p><u>Az eszk\u00f6z\u00f6k m\u0171szaki \u00e1llapot\u00e1r\u00f3l \u00e1ltal\u00e1nosan elmondhat\u00f3, hogy elavult, folyamatosan p\u00f3tl\u00e1sra szorulnak. Legnagyobb probl\u00e9m\u00e1t a korszer\u0171tlen fog\u00e1szati \u00e9s kezel\u0151egys\u00e9gek jelentik, amelyek m\u0171k\u00f6d\u0151k\u00e9pess\u00e9ge jelenleg biztos\u00edtott, azonban cser\u00e9j\u00fck a k\u00f6zelj\u00f6v\u0151ben m\u00e1r nem ker\u00fclhet\u0151 el. <\/u><\/p>\n<p><u>V\u00e9d\u0151n\u0151i szolg\u00e1lat:<\/u><\/p>\n<p>B\u00e1r az \u00e1llam kivette az \u00f6nkorm\u00e1nyzatok kez\u00e9b\u0151l, de az eg\u00e9szs\u00e9g\u00fcgyi alapell\u00e1t\u00e1s szerves r\u00e9sze, a gyermek h\u00e1ziorvosi rendel\u00e9s fontos kieg\u00e9sz\u00edt\u0151 eleme, hiszen a gyermekek eg\u00e9szs\u00e9ges fejl\u0151d\u00e9s\u00e9nek \u00e1lland\u00f3 kontrollj\u00e1t adja, v\u00e9gzi a jogszab\u00e1lyokban r\u00f6gz\u00edtett k\u00fcl\u00f6nb\u00f6z\u0151 sz\u0171r\u0151vizsg\u00e1latokat, ell\u00e1tja az alapfok\u00fa oktat\u00e1si-nevel\u00e9si int\u00e9zeteket. A tev\u00e9kenys\u00e9g k\u00e9t ter\u00fcletre osztott: k\u00f6rzeti v\u00e9d\u0151n\u0151i k\u00f6rzetek ker\u00fcltek kialak\u00edt\u00e1sra a jogszab\u00e1lyi v\u00e1ltoz\u00e1sok kapcs\u00e1n, \u00e9s emellett ker\u00fclt fel\u00e1ll\u00edt\u00e1sra az \u00fan. iskola v\u00e9d\u0151n\u0151i rendszer.<\/p>\n<p>Az eg\u00e9szs\u00e9gnevel\u0151 munk\u00e1ban a v\u00e9d\u0151n\u0151i seg\u00edts\u00e9g jelent\u0151s\u00e9ge az \u00f3vod\u00e1ban \u00e9s az iskol\u00e1ban els\u0151dleges.<\/p>\n<p>A k\u00fcl\u00f6nb\u00f6z\u0151 klubok, programok, tanfolyamok folytat\u00e1sa mellett tov\u00e1bbi kutat\u00f3munka sz\u00fcks\u00e9ges, arra vonatkoz\u00f3an, hogy \u201ehol szor\u00edt m\u00e9g a cip\u0151\u201d, melyek azok a ter\u00fcletek, ahol a v\u00e9d\u0151n\u0151knek tov\u00e1bbi feladataik vannak.<\/p>\n<p>A v\u00e9d\u0151n\u0151knek a tov\u00e1bbk\u00e9pz\u00e9si pontok megszerz\u00e9s\u00e9n t\u00fal, a szakmai ismeretek b\u0151v\u00edt\u00e9se \u00e9rdek\u00e9ben fel kell kutatniuk, \u00e9s r\u00e9szt kell venni\u00fck a budapesti \u00e9s orsz\u00e1gos szint\u0171 \u2013 lehet\u0151s\u00e9g szerint ingyenes &#8211; tov\u00e1bbk\u00e9pz\u00e9seken. Ennek megl\u00e9te ellen\u0151rz\u00e9se sz\u00fcks\u00e9ges.<\/p>\n<p><strong><u>Szoci\u00e1lis alapell\u00e1t\u00e1s:<\/u><\/strong><\/p>\n<p>A tev\u00e9kenys\u00e9g k\u00e9t nagy csoportot \u00f6lel fel:<\/p>\n<ol>\n<li>klasszikus csal\u00e1dseg\u00edt\u00e9s: csal\u00e1dseg\u00edt\u00e9s, gyermekj\u00f3l\u00e9ti szolg\u00e1ltat\u00e1s<\/li>\n<li>szem\u00e9lyes gondoskod\u00e1s keret\u00e9ben v\u00e9gzett szoci\u00e1lis ell\u00e1t\u00e1sok: Id\u0151sek Napk\u00f6zi Otthona, (Id\u0151sek klubja) <u>H\u00e1zi szoci\u00e1lis gondoz\u00e1s<\/u>, <u>Szoci\u00e1lis \u00e9tkeztet\u00e9s is<\/u><\/li>\n<\/ol>\n<p><strong>A szoci\u00e1lis szolg\u00e1ltat\u00e1sokban \u00e9rv\u00e9nyes\u00edtend\u0151 elvek \u00e9s \u00e9rt\u00e9kek<\/strong><\/p>\n<p><strong>\u00a0<\/strong><\/p>\n<p>A szoci\u00e1lis ell\u00e1t\u00e1s k\u00f6zpontj\u00e1ban a r\u00e1szorul\u00f3 szem\u00e9ly \u00e1ll, akinek elidegen\u00edthetetlen joga emberi m\u00e9lt\u00f3s\u00e1g\u00e1nak, emberi \u00e9s \u00e1llampolg\u00e1ri jogainak tiszteletben tart\u00e1sa.<\/p>\n<p>A szoci\u00e1lis ell\u00e1t\u00e1sok sor\u00e1n arra kell t\u00f6rekedni, hogy az ig\u00e9nybevev\u0151k \u00e9letk\u00f6r\u00fclm\u00e9nye, \u00e9letmin\u0151s\u00e9ge javuljon, megteremtve a szoci\u00e1lis biztons\u00e1g \u00e9rv\u00e9nyes\u00fcl\u00e9s\u00e9nek felt\u00e9teleit.<\/p>\n<p>T\u00f6rekedni kell arra, hogy a szoci\u00e1lis ell\u00e1t\u00e1sok alanyai h\u00e1tr\u00e1nyaik ellen\u00e9re is teljes \u00e9letet \u00e9lhessenek, teljes jog\u00fa tagjai legyenek a t\u00e1rsadalomnak.<\/p>\n<p>A szoci\u00e1lis ell\u00e1t\u00e1sokhoz egyenl\u0151 es\u00e9llyel kell valamennyi szem\u00e9lynek hozz\u00e1jutni, az elb\u00edr\u00e1l\u00e1s felt\u00e9teleit, az ell\u00e1t\u00e1sban val\u00f3 r\u00e9szv\u00e9telt diszkrimin\u00e1ci\u00f3-mentesen kell az egy\u00e9nek sz\u00e1m\u00e1ra biztos\u00edtani. A sz\u00fcks\u00e9gletek szerinti szolg\u00e1ltat\u00e1sok ig\u00e9nybev\u00e9tel\u00e9re nemt\u0151l, vall\u00e1si, felekezeti hovatartoz\u00e1st\u00f3l, etnikumt\u00f3l, fizikai, eg\u00e9szs\u00e9gi \u00e1llapott\u00f3l f\u00fcggetlen\u00fcl mindenki jogosult.<\/p>\n<p>Az ell\u00e1t\u00e1s biztos\u00edt\u00e1sa sor\u00e1n t\u00f6rekedni kell az egy\u00e9n auton\u00f3mi\u00e1j\u00e1nak, k\u00e9pess\u00e9geinek megtart\u00e1s\u00e1ra, fejleszt\u00e9s\u00e9re.<\/p>\n<p>Meg kell teremteni a felt\u00e9teleket a min\u00e9l hosszabb id\u0151tartam\u00fa csal\u00e1dban \u00e9l\u00e9shez, az otthoni k\u00f6rnyezetben t\u00f6rt\u00e9n\u0151 ell\u00e1t\u00e1shoz, hogy az egy\u00e9nek min\u00e9l tov\u00e1bb megszokott k\u00f6rnyezet\u00fckben maradhassanak.<\/p>\n<p>T\u00f6rekedni kell az egyenl\u0151tlens\u00e9gek felsz\u00e1mol\u00e1s\u00e1ra, m\u00e9rs\u00e9kl\u00e9s\u00e9re, az ebb\u0151l ad\u00f3d\u00f3 t\u00e1rsadalmi fesz\u00fclts\u00e9gek cs\u00f6kkent\u00e9s\u00e9re.<\/p>\n<p>A helyi szoci\u00e1lpolitika feladata, hogy megel\u0151zze az egy\u00e9n t\u00e1rsadalom perif\u00e9ri\u00e1j\u00e1ra val\u00f3 sodr\u00f3d\u00e1s\u00e1t.<\/p>\n<p>A v\u00e1ltoz\u00e1sokat alapvet\u0151en jogszab\u00e1lyi v\u00e1ltoz\u00e1sok teszik sz\u00fcks\u00e9gess\u00e9, de vannak feladat racionaliz\u00e1l\u00e1si t\u00f6rekv\u00e9sekb\u0151l ad\u00f3d\u00f3 v\u00e1ltoztat\u00e1si lehet\u0151s\u00e9gek is.<\/p>\n<p><u>P\u00e9ld\u00e1ul megvizsg\u00e1land\u00f3 a Jelz\u0151rendszeres h\u00e1zi szoci\u00e1lis gondoz\u00e1s l\u00e9tjogosults\u00e1ga, az Id\u0151sek \u00e1tmeneti gondoz\u00f3h\u00e1z\u00e1ba, a Gyermekek \u00c1tmeneti Otthonba \u00e9s a Csal\u00e1dok \u00c1tmeneti Otthon\u00e1ba val\u00f3 elhelyez\u00e9s lehet\u0151s\u00e9gei, m\u00e1s \u00f6nkorm\u00e1nyzattal k\u00f6t\u00f6tt egy\u00fcttm\u0171k\u00f6d\u00e9si meg\u00e1llapod\u00e1s keret\u00e9ben. \u00c9s sok m\u00e1s is k\u00f6z\u00f6s \u00fcgy\u00fcnk.<\/u><\/p>\n<p><u>\u00a0<\/u><\/p>\n<p>A sz\u00e1mukban \u00e9s s\u00falyoss\u00e1gukban megn\u00f6vekedett szoci\u00e1lis probl\u00e9m\u00e1k miatt a fejleszt\u00e9s sz\u00fcks\u00e9ges:<\/p>\n<ul>\n<li>a m\u00e9g nem m\u0171k\u00f6d\u0151 k\u00f6telez\u0151 feladatokkal,<\/li>\n<li>a megl\u00e9v\u0151 szolg\u00e1ltat\u00e1sok fejleszt\u00e9s\u00e9vel (l\u00e9tsz\u00e1mban, infrastrukt\u00far\u00e1ban &#8211; helyis\u00e9gben, munkak\u00f6r\u00fclm\u00e9nyekben, elismerts\u00e9gben),<\/li>\n<\/ul>\n<p>az ezek megval\u00f3s\u00edt\u00e1shoz sz\u00fcks\u00e9ges forr\u00e1sok biztos\u00edt\u00e1s\u00e1val.<\/p>\n<p>A sz\u00fcks\u00e9gletek felm\u00e9r\u00e9snek els\u0151dleges sz\u00ednhelyein tapasztaltak hiteles ir\u00e1nymutat\u00f3k a helyi szoci\u00e1lpolitika \u00e9s az egyes ell\u00e1t\u00e1sok kialak\u00edt\u00e1sa szempontj\u00e1b\u00f3l, ez\u00e9rt azok jelz\u00e9se eset\u00e9n figyelembe v\u00e9tel\u00fck megfontoland\u00f3 a d\u00f6nt\u00e9shoz\u00f3k r\u00e9sz\u00e9r\u0151l.<\/p>\n<p>A szoci\u00e1lis \u00e1gazat m\u0171k\u00f6d\u00e9s\u00e9nek egyik l\u00e9nyeges \u00e9rt\u00e9km\u00e9r\u0151je a min\u0151s\u00e9gi szolg\u00e1ltat\u00e1s teljes\u00edt\u00e9s\u00e9re val\u00f3 k\u00e9pess\u00e9g. Ezen feladatoknak vannak form\u00e1lis \u00e9s inform\u00e1lis elemei. A form\u00e1lis elemek k\u00f6z\u00e9 tartozik, hogy a szoci\u00e1lis ell\u00e1t\u00f3rendszer meghat\u00e1roz\u00f3 szervezetei rendelkezzenek <em><u>min\u0151s\u00e9gbiztos\u00edt\u00e1s<\/u><\/em><u>i akkredit\u00e1ci\u00f3val.<\/u><\/p>\n<p><u>Gyermekj\u00f3l\u00e9ti szolg\u00e1lat<\/u><\/p>\n<p>A szolg\u00e1lat feladatai 2004-t\u0151l jelent\u0151sen b\u0151v\u00fcltek. A szolg\u00e1lat olyan, a gyermek \u00e9rdekeit v\u00e9d\u0151 speci\u00e1lis szem\u00e9lyes szoci\u00e1lis szolg\u00e1ltat\u00e1st ny\u00fajt, amely a szoci\u00e1lis munka m\u00f3dszereinek \u00e9s eszk\u00f6zeinek felhaszn\u00e1l\u00e1s\u00e1val szolg\u00e1lja a gyerekek testi \u00e9s lelki eg\u00e9szs\u00e9g\u00e9t.<\/p>\n<p>H\u00e1rmas feladata van: a szervez\u00e9s, a szolg\u00e1ltat\u00e1s \u00e9s a gondoz\u00e1s.<\/p>\n<p>A jogszab\u00e1lyi k\u00f6telezetts\u00e9gek nyilv\u00e1n teljes\u00fcltek. Megjelent azonban a <u>kapcsolat \u00fcgyelet, a k\u00f3rh\u00e1zi szoci\u00e1lis munka \u00e9s az utcai szoci\u00e1lis munka.<\/u> A lakoss\u00e1g teljes k\u00f6r\u0171 ell\u00e1t\u00e1sa \u00e9rdek\u00e9ben ezen feladatokhoz vajon elegend\u0151 anyagi, erk\u00f6lcsi seg\u00edts\u00e9get kap-e a szolg\u00e1lat? Eljut ez a lakoss\u00e1ghoz kell\u0151 inform\u00e1ci\u00f3val?<\/p>\n<p><u>Csal\u00e1dseg\u00edt\u0151 Szolg\u00e1lat:<\/u><\/p>\n<p>A Szolg\u00e1lat alaptev\u00e9kenys\u00e9ge az egy\u00e9nekkel, csal\u00e1dokkal, csoportokkal, k\u00f6z\u00f6ss\u00e9gekkel v\u00e9gzett szoci\u00e1lis munka. \u00c1ltal\u00e1nos \u00e9s speci\u00e1lis seg\u00edts\u00e9get ny\u00fajt a m\u0171k\u00f6d\u00e9si ter\u00fclet\u00e9n \u00e9l\u0151 szoci\u00e1lis \u00e9s ment\u00e1lhigi\u00e9n\u00e9s probl\u00e9m\u00e1k miatt vesz\u00e9lyeztetett, illetve kr\u00edzishelyzetbe ker\u00fclt szem\u00e9lyek, csal\u00e1dok sz\u00e1m\u00e1ra, hogy helyzet\u00fckre megold\u00e1st tal\u00e1ljanak, \u00e9s a megold\u00e1s sor\u00e1n szerzett tapasztalataikat \u00e9let\u00fck tov\u00e1bbi r\u00e9sz\u00e9ben kamatoztatni tudj\u00e1k.<\/p>\n<p>A folyamatos kapcsolattart\u00e1son t\u00fal pl. az ad\u00f3ss\u00e1grendez\u00e9s ut\u00e1n is sz\u00fcks\u00e9ges lenne az \u00fcgyf\u00e9l \u201egondoz\u00e1sa\u201d, mert paradox m\u00f3don sokan az ad\u00f3ss\u00e1gok rendez\u00e9se ut\u00e1n maradnak igaz\u00e1n egyed\u00fcl \u201eprobl\u00e9m\u00e1jukkal\u201d: hogyan lesz ezut\u00e1n? A seg\u00edt\u0151 k\u00e9zre ekkor is sz\u00fcks\u00e9g van.<\/p>\n<p>Tapasztalatok szerint egyes esetben a rendelkez\u00e9sre \u00e1ll\u00f3 k\u00fcls\u0151 er\u0151forr\u00e1sok k\u00f6z\u00f6tt a nem k\u00f6z\u00f6s h\u00e1ztart\u00e1sban el\u0151 csal\u00e1dtagok, rokonok megkeres\u00e9se, bevon\u00e1sa pl. seg\u00e9lyek fel\u00e9j\u00fck utal\u00e1sa, kik\u00fcsz\u00f6b\u00f6lhet olyan probl\u00e9m\u00e1t, ha a kliens kev\u00e9sb\u00e9 egy\u00fcttm\u0171k\u00f6d\u0151.<\/p>\n<p><u>Gondoz\u00e1si K\u00f6zpont<\/u><\/p>\n<p>Az elm\u00falt t\u00edz \u00e9v itt hozta a legt\u00f6bb v\u00e1ltoz\u00e1st. Gondoz\u00e1si K\u00f6zpont, a H\u00e1zi Szoci\u00e1lis Gondoz\u00f3k, \u00e9s a Szoci\u00e1lis \u00e9tkeztet\u00e9s minden telep\u00fcl\u00e9s fontos feladata.<\/p>\n<p>A magasabb \u00e9letkor term\u00e9szetes velej\u00e1r\u00f3ja a fizikai \u00e9s szellemi teljes\u00edt\u0151k\u00e9pess\u00e9g roml\u00e1sa, valamint bizonyos betegs\u00e9gek kialakul\u00e1sa illetve s\u00falyosbod\u00e1sa. A t\u00e1mogat\u00e1sir\u00e1nti ig\u00e9ny az eg\u00e9szs\u00e9g roml\u00e1s\u00e1val p\u00e1rhuzamosan feler\u0151s\u00f6dik. Az id\u0151sek jelent\u0151s r\u00e9sze egyed\u00fcl \u00e9l \u00e9s t\u00f6bbs\u00e9g\u00fck anyagilag is mag\u00e1ra hagyatott.<\/p>\n<p>Az itt biztos\u00edtott fizikai \u00e9s ment\u00e1lis gondoskod\u00e1s sok esetben az egyetlen kapcsolat a k\u00f6rnyez\u0151 vil\u00e1ggal az elmag\u00e1nyosodott, egyed\u00fcl \u00e9l\u0151 id\u0151sek sz\u00e1m\u00e1ra. A k\u00f6z\u00f6ss\u00e9gi \u00e9let t\u00e1mogat\u00f3 l\u00e9gk\u00f6r\u00e9t ny\u00fajtja ell\u00e1tottainak, ezen k\u00edv\u00fcl a legalapvet\u0151bb sz\u00fcks\u00e9gletet el\u00e9g\u00edti ki az <u>\u00e9tkez\u00e9s biztos\u00edt\u00e1s\u00e1val.<\/u><\/p>\n<p>K\u00f6vetkezetesen \u00e9rv\u00e9nyes\u00edteni sz\u00fcks\u00e9ges azt a f\u0151 szab\u00e1lyt, hogy a szem\u00e9lyes gondoskod\u00e1s keret\u00e9ben t\u00f6rt\u00e9n\u0151 szoci\u00e1lis ell\u00e1t\u00e1sra (\u00e9tkez\u00e9s, h\u00e1zi gondoz\u00e1s) a szoci\u00e1lis r\u00e1szorults\u00e1g az els\u0151dleges szempont, a tart\u00e1sra k\u00e9pes \u00e9s k\u00f6teles hozz\u00e1tartoz\u00f3 eset\u00e9n <u>sz\u00fcks\u00e9ges volt eddig is bevezetni az int\u00e9zm\u00e9nyi t\u00e9r\u00edt\u00e9si d\u00edjat. <\/u><\/p>\n<p>Az eg\u00e9szs\u00e9g\u00fcgyi \u00e9s szoci\u00e1lis ell\u00e1t\u00e1s \u00e9let\u00e9ben bek\u00f6vetkez\u0151 folyamatos v\u00e1ltoz\u00e1sok, a fejleszt\u00e9sek jelent\u0151s \u00f6nkorm\u00e1nyzati t\u00e1mogat\u00e1st ig\u00e9nyelnek \u00e9s m\u00e9g jelent\u0151sebb p\u00e1ly\u00e1zati forr\u00e1s bevon\u00e1s\u00e1val val\u00f3sulhatnak meg.<\/p>\n<p>Els\u0151dleges a jogszab\u00e1lyi minimum felt\u00e9telek megteremt\u00e9se, mind a szem\u00e9lyi, mind a t\u00e1rgyi felt\u00e9telek biztos\u00edt\u00e1sa, a hi\u00e1nyz\u00f3 ell\u00e1t\u00e1si form\u00e1k m\u0171k\u00f6dtet\u00e9si felt\u00e9teleinek kialak\u00edt\u00e1sa \u00e9s a r\u00e1szorul\u00f3k sz\u00e1m\u00e1ra t\u00f6rt\u00e9n\u0151 biztos\u00edt\u00e1sa (<u>utcai szoci\u00e1lis munka, fogyat\u00e9kos-, pszichi\u00e1triai- \u00e9s szenved\u00e9lybetegek nappali \u00e9s \u00e1tmeneti elhelyez\u00e9s\u00e9t ny\u00fajt\u00f3 ell\u00e1t\u00e1sok<\/u>). Fokozott figyelmet kell szentelni a megl\u00e9v\u0151 ell\u00e1t\u00e1si form\u00e1k folyamatos min\u0151s\u00e9gi fejleszt\u00e9s\u00e9re. A hat\u00e9konyabb szoci\u00e1lis ell\u00e1t\u00e1s \u00e9rdek\u00e9ben &#8211; mivel a szolg\u00e1ltat\u00e1sok egym\u00e1sra \u00e9p\u00fclnek &#8211; fontos az egy\u00fcttm\u0171k\u00f6d\u00e9s kialak\u00edt\u00e1sa a szoci\u00e1lis szolg\u00e1ltat\u00e1sokban \u00e9s az eg\u00e9szs\u00e9g\u00fcgyi ell\u00e1t\u00e1sokban r\u00e9szt vev\u0151 m\u00e1s szerepl\u0151kkel.<\/p>\n<p>El\u0151 kell seg\u00edteni az \u00fcgyfelek k\u00f6nnyebb t\u00e1j\u00e9koz\u00f3d\u00e1s\u00e1t a szoci\u00e1lis ell\u00e1t\u00f3rendszerben, a szolg\u00e1ltat\u00e1sokat ismertt\u00e9, a rendszert \u00e1tl\u00e1that\u00f3v\u00e1 kell tenni.<\/p>\n<p><strong>Es\u00e9lyegyenl\u0151s\u00e9g<\/strong><\/p>\n<p><strong>\u00a0<\/strong><\/p>\n<p>Az Eur\u00f3pai Uni\u00f3s elv\u00e1r\u00e1sok alapj\u00e1n a telep\u00fcl\u00e9sek, kist\u00e9rs\u00e9gek, r\u00e9gi\u00f3k feladata a t\u00e1rsadalmi egyenl\u0151tlens\u00e9gek cs\u00f6kkent\u00e9se.<\/p>\n<p>Az es\u00e9lyegyenl\u0151s\u00e9g biztos\u00edt\u00e1sa \u00e9s el\u0151mozd\u00edt\u00e1sa nem \u00f6sszemoshat\u00f3, egym\u00e1ssal nem helyettes\u00edthet\u0151, j\u00f3l elk\u00fcl\u00f6n\u00edtett fogalmak, amelyek egyben egym\u00e1st kieg\u00e9sz\u00edt\u0151 c\u00e9lokat jel\u00f6lnek meg.<\/p>\n<p>Az es\u00e9lyegyenl\u0151s\u00e9g biztos\u00edt\u00e1sa olyan, \u00e1ltal\u00e1ban passz\u00edv cselekedet, amely valamit kinyit, lehet\u0151v\u00e9 tesz az adott v\u00e9dett csoport sz\u00e1m\u00e1ra is.<\/p>\n<p>Az es\u00e9lyegyenl\u0151s\u00e9g el\u0151mozd\u00edt\u00e1sa ugyanakkor akt\u00edv cselekedet is, amelynek eredm\u00e9nye, hogy a v\u00e9dett csoport tagjai val\u00f3ban \u00e9lni tudnak a sz\u00e1mukra is nyitott lehet\u0151s\u00e9gekkel.<\/p>\n<p>Es\u00e9lyegyenl\u0151s\u00e9g \u00e9rv\u00e9nyes\u00fcl\u00e9s\u00e9r\u0151l csak akkor besz\u00e9lhet\u00fcnk, ha mindk\u00e9t c\u00e9l egyszerre teljes\u00fcl, az adott v\u00e9dett csoport t\u00e9nyleges r\u00e9sztvev\u0151v\u00e9 v\u00e1lik.<\/p>\n<p>Az es\u00e9lyegyenl\u0151tlens\u00e9gek cs\u00f6kkent\u00e9s\u00e9ben, a kirekeszt\u00e9s enyh\u00edt\u00e9s\u00e9ben kulcsszerep\u00fck van a szoci\u00e1lis \u00e9s eg\u00e9szs\u00e9g\u00fcgyi szolg\u00e1ltat\u00e1soknak.<\/p>\n<p>Alapvet\u0151 feladatok e ter\u00fcleten a szoci\u00e1lis \u00e9s eg\u00e9szs\u00e9g\u00fcgyi szolg\u00e1ltat\u00e1sokhoz \u00e9s ell\u00e1t\u00e1sokhoz val\u00f3 hozz\u00e1jut\u00e1s es\u00e9lyegyenl\u0151s\u00e9g\u00e9nek megteremt\u00e9se, az int\u00e9zm\u00e9nyes ell\u00e1t\u00e1sok szolg\u00e1ltat\u00f3 jelleg\u00e9nek er\u0151s\u00edt\u00e9se, \u00e9s a lak\u00f3ter\u00fcleten, integr\u00e1lt form\u00e1ban t\u00f6rt\u00e9n\u0151 ell\u00e1t\u00e1sszervez\u00e9s a szoci\u00e1lis \u00e9s eg\u00e9szs\u00e9g\u00fcgyi ell\u00e1t\u00e1sok \u00f6sszehangol\u00e1s\u00e1val. Jav\u00edtani kell a fogyat\u00e9koss\u00e1ggal \u00e9l\u0151k \u00e9s a megv\u00e1ltozott munkak\u00e9pess\u00e9g\u0171 szem\u00e9lyek komplex eg\u00e9szs\u00e9g\u00fcgyi, foglalkoztat\u00e1si \u00e9s szoci\u00e1lis rehabilit\u00e1ci\u00f3j\u00e1nak hat\u00e9konys\u00e1g\u00e1t; biztos\u00edtani kell a fogyat\u00e9koss\u00e1ggal \u00e9l\u0151k \u00e9s id\u0151s szem\u00e9lyek r\u00e9sz\u00e9re a tart\u00f3s gondoz\u00e1shoz \u00e9s \u00e1pol\u00e1shoz val\u00f3 hozz\u00e1f\u00e9r\u00e9s felt\u00e9teleit.<\/p>\n<p><strong>A lehets\u00e9ges megold\u00e1sok<\/strong><\/p>\n<p>A feladatell\u00e1t\u00e1shoz sz\u00fcks\u00e9ges forr\u00e1sok nem biztos\u00edtottak, az \u00e1gazat \u00e9vek \u00f3ta alulfinansz\u00edrozott. Mivel a feladat\/forr\u00e1s nem korrel\u00e1lnak egym\u00e1ssal, a tervez\u00e9st\u0151l a megval\u00f3s\u00edt\u00e1sig nagyon sok probl\u00e9m\u00e1val kell szemben\u00e9zni az \u00d6nkorm\u00e1nyzatnak. A tervez\u00e9s, alapul v\u00e9ve a jogszab\u00e1lyokban megfogalmazott norm\u00e1kat \u00e9s feladatokat, meg kell fogalmazni az optim\u00e1lis m\u0171k\u00f6d\u00e9s k\u00f6lts\u00e9geit, de a v\u00e9grehajt\u00e1shoz sz\u00fcks\u00e9ges forr\u00e1st a fenntart\u00f3 \u00f6nkorm\u00e1nyzatnak kell meghat\u00e1roznia az aktu\u00e1lis k\u00f6lts\u00e9gvet\u00e9si lehet\u0151s\u00e9gek f\u00fcggv\u00e9ny\u00e9ben.<\/p>\n<p>Ebben a nem k\u00f6nny\u0171 helyzetben, amikor \u00e9vente b\u0151v\u00fcl\u0151 ell\u00e1t\u00e1si form\u00e1k jelentek meg \u00e9s ker\u00fcltek bevezet\u00e9sre, \u00fajabb \u00e9s \u00fajabb k\u00f6telez\u0151 feladatokat hat\u00e1roznak meg a jogszab\u00e1lyok.<\/p>\n<p>B\u00e1rmilyen \u00e1talak\u00edt\u00e1s, b\u0151v\u00edt\u00e9s akkor nevezhet\u0151 hat\u00e9konynak, \u00e9s az \u00f6nkorm\u00e1nyzat szempontj\u00e1b\u00f3l kedvez\u0151nek, ha annak eredm\u00e9nyek\u00e9nt k\u00fcls\u0151 er\u0151forr\u00e1s ker\u00fcl az \u00e1gazatba. Az \u00f6nkorm\u00e1nyzat v\u00e9lhet\u0151en el\u00e9rt addig a pontig, hogy az \u00e1gazat m\u0171k\u00f6d\u00e9s\u00e9hez sz\u00fcks\u00e9ges anyagi eszk\u00f6z\u00f6ket nem tudja b\u0151v\u00edteni, k\u00fcls\u0151 forr\u00e1s bevon\u00e1sa n\u00e9lk\u00fcl\u00f6zhetetlen. K\u00fcls\u0151 forr\u00e1st p\u00e1ly\u00e1zat \u00fatj\u00e1n lehet nyerni.<\/p>\n<p><u>A k\u00fcls\u0151 forr\u00e1s bevon\u00e1s\u00e1nak egyik lehet\u0151s\u00e9ge<\/u>, hogy a civil szf\u00e9ra es\u00e9lyeit kihaszn\u00e1lva, az \u00f6nkorm\u00e1nyzat a feladat\u00e1t kiszerz\u0151dve l\u00e1tja el, \u00e9s az egyes funkci\u00f3kat, feladatokat egy civil szervezettel szerz\u0151d\u00e9sben l\u00e1tja el. A szerz\u0151d\u00e9sben r\u00f6gz\u00edteni lehet a feladatot, az ahhoz sz\u00fcks\u00e9ges szem\u00e9lyi-t\u00e1rgyi felt\u00e9teleket, a feladat ell\u00e1t\u00e1s\u00e1hoz sz\u00fcks\u00e9ges \u00f6nkorm\u00e1nyzati forr\u00e1st, annak kifizet\u00e9si felt\u00e9teleit. Az \u00f6nkorm\u00e1nyzat megfogalmazhatja a sz\u00e1m\u00e1ra sz\u00fcks\u00e9ges garanci\u00e1lis elemeket, a tev\u00e9kenys\u00e9g ellen\u0151rz\u00e9s\u00e9nek m\u00f3dj\u00e1t. A szerz\u0151d\u00e9sben r\u00f6gz\u00edteni lehet, hogy a civil szervezet milyen kieg\u00e9sz\u00edt\u0151 (p\u00e1ly\u00e1zati, vagy saj\u00e1t) forr\u00e1st tud biztos\u00edtani a szerz\u0151d\u00e9sben v\u00e1llalt feladat ell\u00e1t\u00e1s\u00e1hoz.<\/p>\n<p><u>A k\u00fcls\u0151 forr\u00e1s bevon\u00e1s\u00e1nak m\u00e1sik lehet\u0151s\u00e9ge<\/u>, hogy a civil szf\u00e9ra es\u00e9lyeit kihaszn\u00e1lva, az \u00f6nkorm\u00e1nyzat maga hozza l\u00e9tre saj\u00e1t civil szervezet\u00e9t. Jogszab\u00e1lyi h\u00e1ttere adott, hogy az \u00f6nkorm\u00e1nyzat egyszem\u00e9lyben maga alap\u00edtson civil szervezetet (k\u00f6zalap\u00edtv\u00e1ny, k\u00f6zhaszn\u00fa t\u00e1rsas\u00e1g), amelynek a feladatait meghat\u00e1rozza (\u00d6k.tv. eg\u00e9szs\u00e9g\u00fcgyi-szoci\u00e1lis alapell\u00e1t\u00e1si k\u00f6telezetts\u00e9gek), \u00e9s amely felett mint alap\u00edt\u00f3 a fel\u00fcgyeletet gyakorolja. Ez a forma \u00f6nmag\u00e1ban tartalmazza mindazon garanci\u00e1lis elemet, mely biztos\u00edt\u00e9kul szolg\u00e1l az \u00f6nkorm\u00e1nyzat sz\u00e1m\u00e1ra a feladatok ell\u00e1t\u00e1s\u00e1ra. Az elj\u00e1r\u00e1s sorozat id\u0151ig\u00e9nyes, de hozad\u00e9ka miatt (k\u00fcls\u0151 forr\u00e1s bevon\u00e1s\u00e1nak lehet\u0151s\u00e9ge!) meg\u00e9ri az \u00f6nkorm\u00e1nyzatnak. Az elj\u00e1r\u00e1si id\u0151 ler\u00f6vid\u00edthet\u0151, pontosabban sz\u00f3lva kiv\u00e1lthat\u00f3 abban az esetben, ha az \u00f6nkorm\u00e1nyzat m\u00e1r megl\u00e9v\u0151 civil szervezetet b\u00edz meg a feladatok ell\u00e1t\u00e1s\u00e1val, valamint ebben a civil szervezetben v\u00e1llal meghat\u00e1roz\u00f3 tulajdonosi szerepet. Ennek tov\u00e1bbi el\u0151nye, hogy p\u00e1ly\u00e1zat sor\u00e1n a sz\u00fcks\u00e9ges m\u0171k\u00f6d\u00e9si id\u0151vel m\u00e1r rendelkezik!<\/p>\n<p>Az \u00f6nkorm\u00e1nyzat meg\u00e1llapod\u00e1sban r\u00f6gz\u00edti, hogy mely konkr\u00e9t feladattal b\u00edzza meg az \u00e1ltala l\u00e9trehozott civil szervezetet, szerz\u0151d\u00e9sileg r\u00f6gz\u00edti az ell\u00e1t\u00e1s m\u00f3dj\u00e1t, finansz\u00edroz\u00e1s m\u00e9rt\u00e9k\u00e9t, \u00fctemez\u00e9s\u00e9t, a p\u00e9nzeszk\u00f6z\u00f6k felhaszn\u00e1l\u00e1s\u00e1nak ellen\u0151rz\u00e9s\u00e9t. Az \u00f6nkorm\u00e1nyzat meghat\u00e1rozott id\u0151szakonk\u00e9nt besz\u00e1moltatja az \u00e1ltala l\u00e9trehozott civil szervezetet a v\u00e9gzett munk\u00e1r\u00f3l, a feladatok v\u00e9grehajt\u00e1s\u00e1r\u00f3l. Mint a civil szervezet alap\u00edt\u00f3 tagja, vagy mint tulajdonosa, kijel\u00f6lheti a szervezet feletti ellen\u0151rz\u00e9st gyakorl\u00f3 fel\u00fcgyel\u0151 bizotts\u00e1got.<\/p>\n<p><u>Otthon\u00e1pol\u00e1si szolg\u00e1lat ig\u00e9nybev\u00e9tele:<\/u><\/p>\n<p>A betegek otthoni szak\u00e1pol\u00e1sa teljesen t\u00e9r\u00edt\u00e9smentes, \u00e1m egyesek lecs\u00fasznak a szolg\u00e1ltat\u00e1sr\u00f3l, mivel nincsenek ezzel tiszt\u00e1ban. Az ell\u00e1t\u00e1s hozz\u00e1f\u00e9rhet\u0151 azok sz\u00e1m\u00e1ra, akiknek sz\u00fcks\u00e9g\u00fck van r\u00e1, \u00e9s mostanra m\u00e1r szinte z\u00f6kken\u0151mentesen m\u0171k\u00f6dik a rendszer. Az egyetlen komoly b\u00f6kken\u0151, hogy sokan nem tudnak r\u00f3la vagy egyszer\u0171en nem hiszik el, hogy a szolg\u00e1ltat\u00e1s val\u00f3ban t\u00e9r\u00edt\u00e9smentes, a leterhelt h\u00e1ziorvosnak pedig nem merik el\u00e1rulni, hogy seg\u00edts\u00e9gre van sz\u00fcks\u00e9g\u00fck.<\/p>\n<p>A jogszab\u00e1lytervezet meghat\u00e1roz\u00e1sa szerint: az otthoni szak\u00e1pol\u00e1s a biztos\u00edtott otthon\u00e1ban vagy tart\u00f3zkod\u00e1si hely\u00e9n, kezel\u0151orvos\u00e1nak rendel\u00e9s\u00e9re, szakk\u00e9pzett \u00e1pol\u00f3 \u00e1ltal v\u00e9gzett tev\u00e9kenys\u00e9g. Az otthoni hospice-ell\u00e1t\u00e1s a biztos\u00edtott otthon\u00e1ban vagy tart\u00f3zkod\u00e1si hely\u00e9n v\u00e9gzett olyan szakell\u00e1t\u00e1s, melynek c\u00e9lja a beteg \u00e9s k\u00f6rnyezet\u00e9nek seg\u00edt\u00e9se, a beteg f\u00e1jdalmainak \u00e9s egy\u00e9b k\u00ednz\u00f3 t\u00fcneteinek megsz\u00fcntet\u00e9se vagy cs\u00f6kkent\u00e9se, a beteg \u00e9letmin\u0151s\u00e9g\u00e9nek jav\u00edt\u00e1sa, valamint a beteg szakszer\u0171 \u00e1pol\u00e1sa \u00e9s pszich\u00e9s, szoci\u00e1lis t\u00e1mogat\u00e1sa. Otthoni hospice-ell\u00e1t\u00e1s csak akkor val\u00f3sulhat meg, ha a beteg lak\u00e1s\u00e1ban ahhoz adottak a szem\u00e9lyi \u00e9s t\u00e1rgyi minimumfelt\u00e9telek.<\/p>\n<p>Els\u0151sorban az orvosokon m\u00falik, hogy az otthon \u00e1poltak sz\u00e1ma \u00e9vr\u0151l \u00e9vre n\u00f6vekszik-e, a rendszer ugyanis csak akkor m\u0171k\u00f6dhet, ha a h\u00e1zi- \u00e9s szakorvosok megb\u00edzhat\u00f3nak tartj\u00e1k a szolg\u00e1ltat\u00f3t, a bizalom pedig csak lassan alakul ki. A szolg\u00e1ltat\u00e1st az esetek d\u00f6nt\u0151 t\u00f6bbs\u00e9g\u00e9ben a h\u00e1ziorvos \u00edrja fel. Az otthoni \u00e1pol\u00e1s c\u00e9lja a k\u00f3rh\u00e1zak tehermentes\u00edt\u00e9se. A kr\u00f3nikus vagy a k\u00f3rh\u00e1zat \u00e9ppen elhagy\u00f3 betegek otthonukban is t\u00e9r\u00edt\u00e9smentes \u00e1pol\u00e1sban vagy sz\u00fcks\u00e9g szerint ter\u00e1pi\u00e1ban r\u00e9szes\u00fclhetnek, amennyiben a h\u00e1ziorvos vagy az illet\u00e9kes szakorvos \u00edgy rendelkezik.<\/p>\n<p><strong>Alapvet\u0151 c\u00e9l, hogy az \u00f6nkorm\u00e1nyzat eleget tegyen a jogszab\u00e1lyi k\u00f6telezetts\u00e9geinek, \u00e9s tegye ezt a legkisebb r\u00e1ford\u00edt\u00e1sokkal, a leghat\u00e9konyabb m\u00f3don, azaz a legkevesebb sz\u00fcks\u00e9ges er\u0151forr\u00e1s (hum\u00e1n \u00e9s t\u00e1rgyi eszk\u00f6z) felhaszn\u00e1l\u00e1s\u00e1val. <\/strong><\/p>\n","protected":false},"excerpt":{"rendered":"<p>A leveg\u0151min\u0151s\u00e9g javult, de tov\u00e1bbra is javasoljuk, hogy mindenki figyeljen oda az eg\u00e9szs\u00e9g\u00e9re.<\/p>\n","protected":false},"author":1,"featured_media":2479,"comment_status":"open","ping_status":"open","sticky":false,"template":"","format":"standard","meta":{"give_campaign_id":0,"footnotes":""},"categories":[3],"tags":[8],"class_list":["post-78","post","type-post","status-publish","format-standard","has-post-thumbnail","hentry","category-politics-environment","tag-program"],"_links":{"self":[{"href":"https:\/\/kerepes.eu\/springer\/wp-json\/wp\/v2\/posts\/78","targetHints":{"allow":["GET"]}}],"collection":[{"href":"https:\/\/kerepes.eu\/springer\/wp-json\/wp\/v2\/posts"}],"about":[{"href":"https:\/\/kerepes.eu\/springer\/wp-json\/wp\/v2\/types\/post"}],"author":[{"embeddable":true,"href":"https:\/\/kerepes.eu\/springer\/wp-json\/wp\/v2\/users\/1"}],"replies":[{"embeddable":true,"href":"https:\/\/kerepes.eu\/springer\/wp-json\/wp\/v2\/comments?post=78"}],"version-history":[{"count":3,"href":"https:\/\/kerepes.eu\/springer\/wp-json\/wp\/v2\/posts\/78\/revisions"}],"predecessor-version":[{"id":2655,"href":"https:\/\/kerepes.eu\/springer\/wp-json\/wp\/v2\/posts\/78\/revisions\/2655"}],"wp:featuredmedia":[{"embeddable":true,"href":"https:\/\/kerepes.eu\/springer\/wp-json\/wp\/v2\/media\/2479"}],"wp:attachment":[{"href":"https:\/\/kerepes.eu\/springer\/wp-json\/wp\/v2\/media?parent=78"}],"wp:term":[{"taxonomy":"category","embeddable":true,"href":"https:\/\/kerepes.eu\/springer\/wp-json\/wp\/v2\/categories?post=78"},{"taxonomy":"post_tag","embeddable":true,"href":"https:\/\/kerepes.eu\/springer\/wp-json\/wp\/v2\/tags?post=78"}],"curies":[{"name":"wp","href":"https:\/\/api.w.org\/{rel}","templated":true}]}}